{"id":572,"date":"2017-02-21T10:13:39","date_gmt":"2017-02-21T15:13:39","guid":{"rendered":"http:\/\/slcontadores.com\/web\/?p=572"},"modified":"2017-02-21T10:13:39","modified_gmt":"2017-02-21T15:13:39","slug":"congreso-de-la-republica-evaluara-incluir-los-gastos-educativos-en-las-deducciones-de-las-rentas-del-trabajo","status":"publish","type":"post","link":"https:\/\/slcontadores.com\/web\/congreso-de-la-republica-evaluara-incluir-los-gastos-educativos-en-las-deducciones-de-las-rentas-del-trabajo\/","title":{"rendered":"Congreso de la Rep\u00fablica evaluar\u00e1 incluir los gastos educativos en las deducciones de las rentas del trabajo"},"content":{"rendered":"<p>El Decreto Legislativo N\u00b0 1258 estableci\u00f3 que a partir del 1 de enero de 2017 se podr\u00e1n deducir como gasto de las rentas del trabajo, los importes pagados por concepto de arrendamiento y\/o subarrendamiento de inmuebles situados en el pa\u00eds para uso de vivienda, intereses de cr\u00e9ditos hipotecarios para primera vivienda, honorarios profesionales m\u00e9dicos y odontol\u00f3gicos y otros servicios se\u00f1alados por decreto supremo (que generen rentas de cuarta categor\u00eda y sean prestados en el pa\u00eds), y las aportaciones al Seguro Social de Salud que se realicen por los trabajadores del hogar.<\/p>\n<p>Sin embargo el Congreso de la Republica esta evaluando por medio del Proyecto de Ley N\u00b0 964\/2016-CR incluir los GASTOS POR EDUCACI\u00d3N.<\/p>\n<p>PROYECTO DE LEY:<\/p>\n<p><a href=\"http:\/\/www.leyes.congreso.gob.pe\/Documentos\/2016_2021\/Proyectos_de_Ley_y_de_Resoluciones_Legislativas\/PL0096420170215.pdf\" target=\"_blank\">PULSE AQU\u00cd PARA DESCARGAR EL TEXTO DEL PROYECTO DE LEY<\/a><\/p>\n","protected":false},"excerpt":{"rendered":"<p>El Decreto Legislativo N\u00b0 1258 estableci\u00f3 que a partir del 1 de enero de 2017 se podr\u00e1n deducir como gasto de las rentas del trabajo, los importes pagados por concepto de arrendamiento y\/o subarrendamiento de inmuebles situados en el pa\u00eds para uso de vivienda, intereses de cr\u00e9ditos hipotecarios para primera vivienda, honorarios profesionales m\u00e9dicos y [&hellip;]<\/p>\n","protected":false},"author":4,"featured_media":0,"comment_status":"open","ping_status":"closed","sticky":false,"template":"","format":"standard","meta":{"_et_pb_use_builder":"","_et_pb_old_content":"","_et_gb_content_width":"","_joinchat":[],"footnotes":""},"categories":[1],"tags":[47,16],"class_list":["post-572","post","type-post","status-publish","format-standard","hentry","category-blog","tag-impuesto-a-la-renta","tag-sunat"],"_links":{"self":[{"href":"https:\/\/slcontadores.com\/web\/wp-json\/wp\/v2\/posts\/572","targetHints":{"allow":["GET"]}}],"collection":[{"href":"https:\/\/slcontadores.com\/web\/wp-json\/wp\/v2\/posts"}],"about":[{"href":"https:\/\/slcontadores.com\/web\/wp-json\/wp\/v2\/types\/post"}],"author":[{"embeddable":true,"href":"https:\/\/slcontadores.com\/web\/wp-json\/wp\/v2\/users\/4"}],"replies":[{"embeddable":true,"href":"https:\/\/slcontadores.com\/web\/wp-json\/wp\/v2\/comments?post=572"}],"version-history":[{"count":1,"href":"https:\/\/slcontadores.com\/web\/wp-json\/wp\/v2\/posts\/572\/revisions"}],"predecessor-version":[{"id":574,"href":"https:\/\/slcontadores.com\/web\/wp-json\/wp\/v2\/posts\/572\/revisions\/574"}],"wp:attachment":[{"href":"https:\/\/slcontadores.com\/web\/wp-json\/wp\/v2\/media?parent=572"}],"wp:term":[{"taxonomy":"category","embeddable":true,"href":"https:\/\/slcontadores.com\/web\/wp-json\/wp\/v2\/categories?post=572"},{"taxonomy":"post_tag","embeddable":true,"href":"https:\/\/slcontadores.com\/web\/wp-json\/wp\/v2\/tags?post=572"}],"curies":[{"name":"wp","href":"https:\/\/api.w.org\/{rel}","templated":true}]}}