{"id":565,"date":"2017-01-17T09:15:35","date_gmt":"2017-01-17T14:15:35","guid":{"rendered":"http:\/\/slcontadores.com\/web\/?p=565"},"modified":"2017-01-17T09:15:48","modified_gmt":"2017-01-17T14:15:48","slug":"decreto-legislativo-n-1347-modificacion-de-la-tasa-del-impuesto-general-a-las-ventas","status":"publish","type":"post","link":"https:\/\/slcontadores.com\/web\/decreto-legislativo-n-1347-modificacion-de-la-tasa-del-impuesto-general-a-las-ventas\/","title":{"rendered":"Decreto Legislativo N\u00b0 1347 Modificaci\u00f3n de la Tasa del Impuesto General a las Ventas"},"content":{"rendered":"<p class=\"ley-1\" style=\"text-align: center;\"><strong>DECRETO LEGISLATIVO<\/strong><\/p>\n<p class=\"ley-1\" style=\"text-align: center;\"><strong>N\u00ba 1347<\/strong><\/p>\n<p class=\"cuerpo\">EL PRESIDENTE DE LA REP\u00daBLICA<\/p>\n<p class=\"cuerpo\">POR CUANTO:<\/p>\n<p class=\"cuerpo\">El Congreso de la Rep\u00fablica, por Ley N\u00ba 30506 ha delegado en el Poder Ejecutivo, por un plazo de noventa (90) d\u00edas calendario, la facultad de legislar en materia de reactivaci\u00f3n econ\u00f3mica y formalizaci\u00f3n, seguridad ciudadana, lucha contra la corrupci\u00f3n, agua y saneamiento y reorganizaci\u00f3n de Petroper\u00fa S.A., permitiendo entre otros, modificar la Ley del Impuesto General a las Ventas e Impuesto Selectivo al Consumo a fin de reducir en un (1) punto porcentual la tasa del Impuesto General a las Ventas (IGV) a partir del 1 de enero de 2017;<\/p>\n<p class=\"cuerpo\">De conformidad con lo establecido en el art\u00edculo 104 de la Constituci\u00f3n Pol\u00edtica del Per\u00fa y en ejercicio de las facultades delegadas de conformidad con el literal a.1) del inciso a) del numeral 1) del art\u00edculo 2 de la Ley N\u00b0 30506;<\/p>\n<p class=\"cuerpo\">Con el voto aprobatorio del Consejo de Ministros;<\/p>\n<p class=\"cuerpo\">Con cargo a dar cuenta al Congreso de la Rep\u00fablica;<\/p>\n<p class=\"cuerpo\">Ha dado el Decreto Legislativo siguiente;<\/p>\n<p class=\"ley-2\">DECRETO LEGISLATIVO QUE MODIFICA LA TASA DEL IMPUESTO GENERAL A LAS VENTAS ESTABLECIDA POR EL ART\u00cdCULO 17 DEL TEXTO \u00daNICO ORDENADO DE LA LEY DEL IMPUESTO GENERAL A LAS VENTAS E IMPUESTO<\/p>\n<p class=\"ley-2\">SELECTIVO AL CONSUMO<\/p>\n<p class=\"cuerpo cuerpo-override\"><span class=\"no-style-override\">Art\u00edculo \u00danico.- Tasa del Impuesto General a las Ventas<\/span><\/p>\n<p class=\"cuerpo\">Modif\u00edquese el art\u00edculo 17 del Texto \u00danico Ordenado de la Ley del Impuesto General a las Ventas e Impuesto Selectivo al Consumo, aprobado por Decreto Supremo N\u00b0 055-99-EF y normas modificatorias, en los siguientes t\u00e9rminos:<\/p>\n<p class=\"cuerpo cuerpo-override\"><span class=\"no-style-override\">\u201cArt\u00edculo 17.- Tasa del Impuesto<\/span><\/p>\n<p class=\"cuerpo\">La tasa del impuesto es 15%.\u201d<\/p>\n<h2 class=\"resoluci-n\">DISPOSICI\u00d3N COMPLEMENTARIA FINAL<\/h2>\n<p class=\"cuerpo cuerpo-override\"><span class=\"no-style-override\">\u00danica.- Vigencia<\/span><\/p>\n<p class=\"cuerpo\">El presente Decreto Legislativo entra en vigencia el 01 de julio de 2017 siempre que la recaudaci\u00f3n anualizada, al 31 de mayo de 2017, del Impuesto General a las Ventas total neto de sus devoluciones internas alcance el 7,2% del PBI.<\/p>\n<p class=\"cuerpo\">Para tal efecto, se toma en cuenta la informaci\u00f3n que publica mensualmente el Banco Central de Reserva del Per\u00fa y la Superintendencia Nacional de Aduanas y de Administraci\u00f3n Tributaria.<\/p>\n<p class=\"cuerpo\">POR TANTO:<\/p>\n<p class=\"cuerpo\">Mando se publique y cumpla, dando cuenta al Congreso de la Rep\u00fablica.<\/p>\n<p class=\"cuerpo\">Dado en la Casa de Gobierno, en Lima, a los seis d\u00edas del mes de enero del a\u00f1o dos mil diecisiete.<\/p>\n<p class=\"cuerpo\">PEDRO PABLO KUCZYNSKI GODARD<\/p>\n<p class=\"cuerpo\">Presidente de la Rep\u00fablica<\/p>\n<p class=\"cuerpo\">FERNANDO ZAVALA LOMBARDI<\/p>\n<p class=\"cuerpo\">Presidente del Consejo de Ministros<\/p>\n<p class=\"cuerpo\">ALFREDO THORNE VETTER<\/p>\n<p class=\"cuerpo\">Ministro de Econom\u00eda y Finanzas<\/p>\n<p class=\"subrayado\"><span class=\"bold-cuerpo\">1471548-7<\/span><\/p>\n","protected":false},"excerpt":{"rendered":"<p>DECRETO LEGISLATIVO N\u00ba 1347 EL PRESIDENTE DE LA REP\u00daBLICA POR CUANTO: El Congreso de la Rep\u00fablica, por Ley N\u00ba 30506 ha delegado en el Poder Ejecutivo, por un plazo de noventa (90) d\u00edas calendario, la facultad de legislar en materia de reactivaci\u00f3n econ\u00f3mica y formalizaci\u00f3n, seguridad ciudadana, lucha contra la corrupci\u00f3n, agua y saneamiento y [&hellip;]<\/p>\n","protected":false},"author":4,"featured_media":566,"comment_status":"open","ping_status":"closed","sticky":false,"template":"","format":"standard","meta":{"_et_pb_use_builder":"","_et_pb_old_content":"","_et_gb_content_width":"","_joinchat":[],"footnotes":""},"categories":[1],"tags":[35,153],"class_list":["post-565","post","type-post","status-publish","format-standard","has-post-thumbnail","hentry","category-blog","tag-igv","tag-impuesto-general-a-las-ventas"],"_links":{"self":[{"href":"https:\/\/slcontadores.com\/web\/wp-json\/wp\/v2\/posts\/565","targetHints":{"allow":["GET"]}}],"collection":[{"href":"https:\/\/slcontadores.com\/web\/wp-json\/wp\/v2\/posts"}],"about":[{"href":"https:\/\/slcontadores.com\/web\/wp-json\/wp\/v2\/types\/post"}],"author":[{"embeddable":true,"href":"https:\/\/slcontadores.com\/web\/wp-json\/wp\/v2\/users\/4"}],"replies":[{"embeddable":true,"href":"https:\/\/slcontadores.com\/web\/wp-json\/wp\/v2\/comments?post=565"}],"version-history":[{"count":1,"href":"https:\/\/slcontadores.com\/web\/wp-json\/wp\/v2\/posts\/565\/revisions"}],"predecessor-version":[{"id":567,"href":"https:\/\/slcontadores.com\/web\/wp-json\/wp\/v2\/posts\/565\/revisions\/567"}],"wp:featuredmedia":[{"embeddable":true,"href":"https:\/\/slcontadores.com\/web\/wp-json\/wp\/v2\/media\/566"}],"wp:attachment":[{"href":"https:\/\/slcontadores.com\/web\/wp-json\/wp\/v2\/media?parent=565"}],"wp:term":[{"taxonomy":"category","embeddable":true,"href":"https:\/\/slcontadores.com\/web\/wp-json\/wp\/v2\/categories?post=565"},{"taxonomy":"post_tag","embeddable":true,"href":"https:\/\/slcontadores.com\/web\/wp-json\/wp\/v2\/tags?post=565"}],"curies":[{"name":"wp","href":"https:\/\/api.w.org\/{rel}","templated":true}]}}