{"id":526,"date":"2016-12-10T09:31:37","date_gmt":"2016-12-10T14:31:37","guid":{"rendered":"http:\/\/slcontadores.com\/web\/?p=526"},"modified":"2016-12-10T09:31:37","modified_gmt":"2016-12-10T14:31:37","slug":"decreto-legislativo-1259-regimen-especial-de-devolucion-del-igv","status":"publish","type":"post","link":"https:\/\/slcontadores.com\/web\/decreto-legislativo-1259-regimen-especial-de-devolucion-del-igv\/","title":{"rendered":"Decreto Legislativo 1259 R\u00e9gimen Especial de Devoluci\u00f3n del IGV"},"content":{"rendered":"<p class=\"ley-1\">DECRETO LEGISLATIVO<\/p>\n<p class=\"ley-1\">N\u00ba 1259<\/p>\n<p class=\"cuerpo\">EL PRESIDENTE DE LA REP\u00daBLICA<\/p>\n<p class=\"cuerpo\">POR CUANTO:<\/p>\n<p class=\"cuerpo\">El Congreso de la Rep\u00fablica, por Ley N\u00ba 30506 ha delegado en el Poder Ejecutivo, por un plazo de noventa (90) d\u00edas calendario, la facultad de legislar en materia de reactivaci\u00f3n econ\u00f3mica y formalizaci\u00f3n, seguridad ciudadana, lucha contra la corrupci\u00f3n, agua y saneamiento y reorganizaci\u00f3n de Petroper\u00fa S.A., permitiendo entre otros, perfeccionar la regulaci\u00f3n y dem\u00e1s aspectos referentes a la cobertura y acceso a los reg\u00edmenes especiales de devoluci\u00f3n del Impuesto General a las Ventas, orientados a promover y agilizar la inversi\u00f3n en el pa\u00eds. Asimismo, regular para las MIPYME un r\u00e9gimen similar;<\/p>\n<p class=\"cuerpo\">De conformidad con lo establecido en el art\u00edculo 104 de la Constituci\u00f3n Pol\u00edtica del Per\u00fa y en ejercicio de las facultades delegadas de conformidad con el literal a.9) del inciso a) del numeral 1) del art\u00edculo 2 de la Ley N\u00b0 30506;<\/p>\n<p class=\"cuerpo\">Con el voto aprobatorio del Consejo de Ministros;<\/p>\n<p class=\"cuerpo\">Con cargo a dar cuenta al Congreso de la Rep\u00fablica;<\/p>\n<p class=\"cuerpo\">Ha dado el Decreto Legislativo siguiente;<\/p>\n<p class=\"ley-2\">DECRETO LEGISLATIVO QUE PERFECCIONA DIVERSOS REG\u00cdMENES ESPECIALES<\/p>\n<p class=\"ley-2\">DE DEVOLUCI\u00d3N DEL IMPUESTO GENERAL<\/p>\n<p class=\"ley-2\">A LAS VENTAS<\/p>\n<p class=\"cuerpo cuerpo-override\"><span class=\"no-style-override\">Art\u00edculo 1.- Objeto<\/span><\/p>\n<p class=\"cuerpo\">El presente Decreto Legislativo tiene por objeto perfeccionar la regulaci\u00f3n y dem\u00e1s aspectos referentes a la cobertura y acceso a los reg\u00edmenes especiales de devoluci\u00f3n del Impuesto General a las Ventas regulados por el Decreto Legislativo N\u00b0 973, Decreto Legislativo que establece el R\u00e9gimen Especial de Recuperaci\u00f3n Anticipada del Impuesto General a las Ventas, por la Ley N\u00b0 28754, Ley que elimina sobrecostos en la provisi\u00f3n de obras p\u00fablicas de infraestructura y de servicios p\u00fablicos mediante inversi\u00f3n p\u00fablica o privada y por el Cap\u00edtulo II de la Ley N\u00b0 30296, Ley que promueve la reactivaci\u00f3n de la econom\u00eda, orientados a promover y agilizar la inversi\u00f3n en el pa\u00eds; as\u00ed como la productividad de las micro y peque\u00f1as empresas.<\/p>\n<h2 class=\"resoluci-n\">CAP\u00cdTULO I<\/h2>\n<h2 class=\"resoluci-n\">MODIFICACIONES AL DECRETO LEGISLATIVO N\u00b0 973 QUE ESTABLECE EL R\u00c9GIMEN ESPECIAL DE RECUPERACI\u00d3N ANTICIPADA DEL IMPUESTO GENERAL A LAS VENTAS<\/h2>\n<p class=\"cuerpo cuerpo-override\"><span class=\"no-style-override\">Art\u00edculo 2.- Modificaci\u00f3n de los literales c) e i) del numeral 1.1 del art\u00edculo 1; el numeral 2.1 y el literal a) del numeral 2.2 del art\u00edculo 2; el literal b) del numeral 3.2 del art\u00edculo 3; los literales b) y d) del numeral 4.2; el numeral 4.3 y el numeral 4.4 del art\u00edculo 4; el numeral 5.1 del art\u00edculo 5; el literal b) del art\u00edculo 6; el numeral 7.4 del art\u00edculo 7 del Decreto Legislativo N\u00b0 973 que establece el R\u00e9gimen Especial de Recuperaci\u00f3n Anticipada del Impuesto General a las Ventas<\/span><\/p>\n<p class=\"cuerpo\">Modif\u00edquese los literales c) e i) del numeral 1.1 del art\u00edculo 1; el numeral 2.1 y el literal a) del numeral 2.2 del art\u00edculo 2; el literal b) del numeral 3.2 del art\u00edculo 3; los literales b) y d) del numeral 4.2; el numeral 4.3 y el numeral 4.4 del art\u00edculo 4; el numeral 5.1 del art\u00edculo 5; el literal b) del art\u00edculo 6; el numeral 7.4 del art\u00edculo 7 del Decreto Legislativo N\u00b0 973 que establece el R\u00e9gimen Especial de Recuperaci\u00f3n Anticipada del Impuesto General a las Ventas, los mismos que quedar\u00e1n redactados conforme a los textos siguientes:<\/p>\n<p class=\"cuerpo cuerpo-override\"><span class=\"no-style-override\">\u201cArt\u00edculo 1.- Norma General<\/span><\/p>\n<p class=\"cuerpo\">1.1 A los fines del presente R\u00e9gimen Especial de Recuperaci\u00f3n Anticipada se entiende por:<\/p>\n<p class=\"cuerpo\">(\u2026)<\/p>\n<p class=\"cuerpo\">c) Adquisiciones comunes: A las adquisiciones y\/o importaciones de bienes, servicios o contratos de construcci\u00f3n, destinadas conjuntamente a la realizaci\u00f3n de operaciones gravadas y\/o de exportaci\u00f3n y no gravadas con el IGV.<\/p>\n<p class=\"cuerpo\">(\u2026)<\/p>\n<p class=\"cuerpo\">i) SUNAT: A la Superintendencia Nacional de Aduanas y de Administraci\u00f3n Tributaria.<\/p>\n<p class=\"cuerpo\">(\u2026)\u201d<\/p>\n<p class=\"cuerpo cuerpo-override\"><span class=\"no-style-override\">\u201cArt\u00edculo 2.- De la Recuperaci\u00f3n Anticipada del Impuesto General a las Ventas<\/span><\/p>\n<p class=\"cuerpo\">2.1 Establ\u00e9zcase el R\u00e9gimen Especial de Recuperaci\u00f3n Anticipada del Impuesto General a las Ventas, consistente en la devoluci\u00f3n del IGV que grav\u00f3 las importaciones y\/o adquisiciones locales de bienes de capital nuevos, bienes intermedios nuevos, servicios y contratos de construcci\u00f3n, realizadas en la etapa preproductiva, a ser empleados por los beneficiarios del R\u00e9gimen directamente en la ejecuci\u00f3n del compromiso de inversi\u00f3n para el proyecto previsto en el Contrato de Inversi\u00f3n respectivo a que se hace referencia en el art\u00edculo 4 y que se destinen a la realizaci\u00f3n de operaciones gravadas con el IGV o a exportaciones.<\/p>\n<p class=\"cuerpo\">2.2 Trat\u00e1ndose de adquisiciones comunes, los beneficiarios tendr\u00e1n derecho a optar por alguna de las siguientes opciones:<\/p>\n<p class=\"cuerpo\">a) Asumir que el cincuenta por ciento (50%) de las adquisiciones comunes est\u00e1n destinadas a operaciones gravadas y\/o de exportaci\u00f3n para efectos de calcular el monto de devoluci\u00f3n del IGV a que se refiere el numeral 2.1 del art\u00edculo 2. Mediante control posterior de la SUNAT se determinar\u00e1 el porcentaje real de las operaciones gravadas.<\/p>\n<p class=\"cuerpo\">(\u2026)\u201d<\/p>\n<p class=\"cuerpo cuerpo-override\"><span class=\"no-style-override\">\u201cArt\u00edculo 3.- Del acogimiento al R\u00e9gimen<\/span><\/p>\n<p class=\"cuerpo\">(\u2026)<\/p>\n<p class=\"cuerpo\">3.2 Para acogerse al R\u00e9gimen, las personas naturales o jur\u00eddicas deber\u00e1n cumplir con los siguientes requisitos:<\/p>\n<p class=\"cuerpo\">(\u2026)<\/p>\n<p class=\"cuerpo\">b) Contar con un proyecto que requiera de una etapa preproductiva igual o mayor a dos a\u00f1os, contado a partir de la fecha del inicio del cronograma de inversiones contenido en el Contrato de Inversi\u00f3n.<\/p>\n<p class=\"cuerpo cuerpo-override\"><span class=\"no-style-override-1\">En el caso de proyectos que se sustentan en contratos o convenios o autorizaciones suscritos u otorgadas por el Estado al amparo de normas sectoriales, la etapa preproductiva se inicia desde la fecha de suscripci\u00f3n del respectivo contrato, convenio u otorgamiento de la respectiva autorizaci\u00f3n.<\/span><\/p>\n<p class=\"cuerpo\">(\u2026)\u201d<\/p>\n<p class=\"cuerpo cuerpo-override\"><span class=\"no-style-override\">\u201cArt\u00edculo 4.- De los contratos de inversi\u00f3n<\/span><\/p>\n<p class=\"cuerpo\">(\u2026)<\/p>\n<p class=\"cuerpo\">4.2 El Contrato de Inversi\u00f3n deber\u00e1 consignar cuando menos la siguiente informaci\u00f3n:<\/p>\n<p class=\"cuerpo\">(\u2026)<\/p>\n<p class=\"cuerpo\">b) El monto total del compromiso de inversi\u00f3n y las etapas, tramos o similares, de ser el caso, en que se efectuar\u00e1 este;<\/p>\n<p class=\"cuerpo\">(\u2026)<\/p>\n<p class=\"cuerpo\">d) El plazo en el que se compromete a realizar el total de la inversi\u00f3n para la realizaci\u00f3n del compromiso de inversi\u00f3n;<\/p>\n<p class=\"cuerpo\">(\u2026)<\/p>\n<p class=\"cuerpo\">4.3 El Contrato de Inversi\u00f3n a que se refiere el presente art\u00edculo es de adhesi\u00f3n, conforme al modelo que se aprobar\u00e1 en el reglamento del presente Decreto Legislativo; y se encontrar\u00e1 vigente durante el plazo establecido en dicho Contrato para el cumplimiento del compromiso de inversi\u00f3n y ejecuci\u00f3n del proyecto.<\/p>\n<p class=\"cuerpo\">4.4 El control de la ejecuci\u00f3n del Contrato de Inversi\u00f3n ser\u00e1 realizado peri\u00f3dicamente por el Sector correspondiente, lo que incluir\u00e1 la revisi\u00f3n de los bienes, servicios y contratos de construcci\u00f3n que fueron destinados en la ejecuci\u00f3n del proyecto previsto en el Contrato de Inversi\u00f3n, sin perjuicio de lo se\u00f1alado en el numeral 7.4 del art\u00edculo 7 del presente Decreto Legislativo. Los beneficiarios deber\u00e1n poner a disposici\u00f3n del Sector correspondiente la documentaci\u00f3n o informaci\u00f3n que \u00e9ste requiera vinculada al Contrato de Inversi\u00f3n.\u201d<\/p>\n<p class=\"cuerpo cuerpo-override\"><span class=\"no-style-override\">\u201cArt\u00edculo 5.- De la etapa preproductiva<\/span><\/p>\n<p class=\"cuerpo\">5.1 Enti\u00e9ndase por etapa preproductiva al per\u00edodo comprendido desde la fecha de suscripci\u00f3n del contrato o convenio con el Estado u otorgamiento de autorizaci\u00f3n conforme a las normas sectoriales, o en caso de proyectos particulares que no se encuentran comprendidos dentro de lo antes se\u00f1alado, desde la fecha del inicio del cronograma de inversiones; hasta la fecha anterior al inicio de operaciones productivas. Constituye inicio de operaciones productivas la explotaci\u00f3n del proyecto.<\/p>\n<p class=\"cuerpo\">(\u2026)\u201d<\/p>\n<p class=\"cuerpo cuerpo-override\"><span class=\"no-style-override\">\u201cArt\u00edculo 6.- De la improcedencia del R\u00e9gimen<\/span><\/p>\n<p class=\"cuerpo\">No procede el R\u00e9gimen en los siguientes casos:<\/p>\n<p class=\"cuerpo\">(\u2026)<\/p>\n<p class=\"cuerpo\">b) Cuando la persona natural o jur\u00eddica que requiere acogerse al R\u00e9gimen ya tenga la calidad de beneficiario por el proyecto por el cual se solicita el R\u00e9gimen.<\/p>\n<p class=\"cuerpo\">(\u2026)\u201d<\/p>\n<p class=\"cuerpo cuerpo-override\"><span class=\"no-style-override\">\u201cArt\u00edculo 7.- Bienes, servicios y contratos de construcci\u00f3n comprendidos en el R\u00e9gimen<\/span><\/p>\n<p class=\"cuerpo\">(\u2026)<\/p>\n<p class=\"cuerpo cuerpo-override\"><span class=\"no-style-override-1\">7.4 Corresponder\u00e1 a la SUNAT el control y fiscalizaci\u00f3n de los bienes, servicios y contratos de construcci\u00f3n por los cuales se solicita el R\u00e9gimen. El Sector encargado de controlar la ejecuci\u00f3n del Contrato de Inversi\u00f3n, conforme a lo establecido en el numeral 4.4 del art\u00edculo 4, deber\u00e1 proporcionar dentro del plazo que establezca el Reglamento, bajo responsabilidad, la informaci\u00f3n que la SUNAT requiera para efectuar el control y fiscalizaci\u00f3n a su cargo.\u201d<\/span><\/p>\n<p class=\"cuerpo cuerpo-override\"><span class=\"no-style-override\">Art\u00edculo 3.- Incorporaci\u00f3n del inciso k) en el numeral 1.1 del art\u00edculo 1 del Decreto Legislativo N\u00b0 973 que establece el R\u00e9gimen Especial de Recuperaci\u00f3n Anticipada del Impuesto General a las Ventas<\/span><\/p>\n<p class=\"cuerpo\">Incorp\u00f3rese el inciso k) en el numeral 1.1 del art\u00edculo 1 del Decreto Legislativo N\u00b0 973 que establece el R\u00e9gimen Especial de Recuperaci\u00f3n Anticipada del Impuesto General a las Ventas, el mismo que quedar\u00e1 redactado conforme al siguiente texto:<\/p>\n<p class=\"cuerpo cuerpo-override\"><span class=\"no-style-override\">\u201cArt\u00edculo 1.- Norma General<\/span><\/p>\n<p class=\"cuerpo\">1.1 A los fines del presente R\u00e9gimen Especial de Recuperaci\u00f3n Anticipada se entiende por:<\/p>\n<p class=\"cuerpo\">(\u2026)<\/p>\n<p class=\"cuerpo\">k) Etapa, tramo o similar: A cada periodo que conforma una secuencia detallada de las actividades necesarias para la ejecuci\u00f3n del proyecto.<\/p>\n<p class=\"cuerpo\">En el caso de proyectos que se sustentan en contratos o convenios u otorgamiento de autorizaciones al amparo de normas sectoriales, cada etapa, tramo o similar debe establecerse de acuerdo con las obligaciones asumidas en \u00e9stos para la ejecuci\u00f3n del proyecto, en concordancia con lo dispuesto en el numeral 5.3 del art\u00edculo 5 del presente Decreto Legislativo.\u201d<\/p>\n<h2 class=\"resoluci-n\">CAP\u00cdTULO II<\/h2>\n<h2 class=\"resoluci-n\">MODIFICACI\u00d3N DE LA LEY 28754, LEY QUE ELIMINA SOBRECOSTOS EN LA PROVISI\u00d3N DE OBRAS P\u00daBLICAS DE INFRAESTRUCTURA Y DE SERVICIOS P\u00daBLICOS MEDIANTE INVERSI\u00d3N<\/h2>\n<h2 class=\"resoluci-n\">P\u00daBLICA O PRIVADA<\/h2>\n<p class=\"cuerpo cuerpo-override\"><span class=\"no-style-override\">Art\u00edculo 4.- Modificaci\u00f3n del numeral 1.5 del art\u00edculo 1 de la Ley 28754, Ley que elimina sobrecostos en la provisi\u00f3n de obras p\u00fablicas de infraestructura y de servicios p\u00fablicos mediante inversi\u00f3n p\u00fablica o privada<\/span><\/p>\n<p class=\"cuerpo cuerpo-override\"><span class=\"no-style-override-1\">Modif\u00edquese el numeral 1.5 del art\u00edculo 1 de la Ley 28754, Ley que elimina sobrecostos en la provisi\u00f3n de obras p\u00fablicas de infraestructura y de servicios p\u00fablicos mediante inversi\u00f3n p\u00fablica o privada, conforme al texto siguiente:<\/span><\/p>\n<p class=\"cuerpo cuerpo-override\"><span class=\"no-style-override\">\u201cArt\u00edculo 1.- Del reintegro tributario del Impuesto General a las Ventas<\/span><\/p>\n<p class=\"cuerpo\">(\u2026)<\/p>\n<p class=\"cuerpo cuerpo-override\"><span class=\"no-style-override-1\">1.5 Mediante Resoluci\u00f3n Ministerial del sector correspondiente, se aprobar\u00e1 a las empresas concesionarias que califiquen para gozar del reintegro tributario de acuerdo a los requisitos y caracter\u00edsticas de cada contrato de concesi\u00f3n.\u201d<\/span><\/p>\n<h2 class=\"resoluci-n\">CAP\u00cdTULO III<\/h2>\n<h2 class=\"resoluci-n\">MODIFICACIONES AL R\u00c9GIMEN ESPECIAL DE RECUPERACI\u00d3N ANTICIPADA DEL IMPUESTO GENERAL A LAS VENTAS PARA PROMOVER LA ADQUISICI\u00d3N DE BIENES DE CAPITAL<\/h2>\n<p class=\"cuerpo cuerpo-override\"><span class=\"no-style-override\">Art\u00edculo 5.- Modificaci\u00f3n del primer p\u00e1rrafo del art\u00edculo 3 del Cap\u00edtulo II de la Ley N\u00b0 30296, Ley que promueve la reactivaci\u00f3n de la econom\u00eda<\/span><\/p>\n<p class=\"cuerpo\">Modif\u00edquese el primer p\u00e1rrafo del art\u00edculo 3 del Cap\u00edtulo II de la Ley N\u00b0 30296, Ley que promueve la reactivaci\u00f3n de la econom\u00eda, conforme con el siguiente texto:<\/p>\n<p class=\"cuerpo cuerpo-override\"><span class=\"no-style-override\">\u201cArt\u00edculo 3.- Del R\u00e9gimen Especial de Recuperaci\u00f3n Anticipada del Impuesto General a las Ventas<\/span><\/p>\n<p class=\"cuerpo\">El r\u00e9gimen consiste en la devoluci\u00f3n del cr\u00e9dito fiscal generado en las importaciones y\/o adquisiciones locales de bienes de capital nuevos, efectuadas por contribuyentes cuyos niveles de ventas anuales sean hasta 300 UIT y que realicen actividades productivas de bienes y servicios gravadas con el Impuesto General a las Ventas o exportaciones, que se encuentren inscritos como microempresa o peque\u00f1a empresa en el REMYPE, a que se refiere el Texto \u00danico Ordenado de la Ley de Impulso al Desarrollo Productivo y al Crecimiento Empresarial, aprobado por Decreto Supremo N\u00b0 013-2013-PRODUCE.<\/p>\n<p class=\"cuerpo\">(\u2026)\u201d<\/p>\n<h2 class=\"resoluci-n\">DISPOSICIONES COMPLEMENTARIAS FINALES<\/h2>\n<p class=\"cuerpo cuerpo-override\"><span class=\"no-style-override\">Primera.- Vigencia<\/span><\/p>\n<p class=\"cuerpo\">El presente Decreto Legislativo entra en vigencia a partir del primer d\u00eda calendario del mes siguiente de la fecha de publicaci\u00f3n en el Diario Oficial El Peruano.<\/p>\n<p class=\"cuerpo cuerpo-override\"><span class=\"no-style-override\">Segunda.- Aplicaci\u00f3n del R\u00e9gimen Especial de Recuperaci\u00f3n Anticipada del Impuesto General a las Ventas para promover la adquisici\u00f3n de bienes de capital<\/span><\/p>\n<p class=\"cuerpo\">El R\u00e9gimen a que se refiere el art\u00edculo 3 del Cap\u00edtulo II de la Ley N\u00b0 30296, Ley que promueve la reactivaci\u00f3n de la econom\u00eda, modificado por el art\u00edculo 5 del presente Decreto Legislativo, estar\u00e1 vigente hasta el 31 de diciembre de 2020, siendo de aplicaci\u00f3n a las importaciones y\/o adquisiciones efectuadas durante su vigencia.<\/p>\n<p class=\"cuerpo cuerpo-override\"><span class=\"no-style-override\">Tercera.- Adecuaci\u00f3n de normas reglamentarias<\/span><\/p>\n<p class=\"cuerpo\">Mediante decreto supremo refrendado por el Ministro de Econom\u00eda y Finanzas se adecuar\u00e1n las normas reglamentarias de los reg\u00edmenes especiales de devoluci\u00f3n del Impuesto General a las Ventas conforme a las modificaciones introducidas por la presente norma.<\/p>\n<p class=\"cuerpo\">POR TANTO:<\/p>\n<p class=\"cuerpo\">Mando se publique y cumpla, dando cuenta al Congreso de la Rep\u00fablica.<\/p>\n<p class=\"cuerpo\">Dado en la Casa de Gobierno, en Lima, a los siete d\u00edas del mes de diciembre del a\u00f1o dos mil diecis\u00e9is.<\/p>\n<p class=\"cuerpo\">PEDRO PABLO KUCZYNSKI GODARD<\/p>\n<p class=\"cuerpo\">Presidente de la Rep\u00fablica<\/p>\n<p class=\"cuerpo\">FERNANDO ZAVALA LOMBARDI<\/p>\n<p class=\"cuerpo\">Presidente del Consejo de Ministros<\/p>\n<p class=\"cuerpo\"><span class=\"bold-cuerpo\">1461978-4<\/span><\/p>\n","protected":false},"excerpt":{"rendered":"<p>DECRETO LEGISLATIVO N\u00ba 1259 EL PRESIDENTE DE LA REP\u00daBLICA POR CUANTO: El Congreso de la Rep\u00fablica, por Ley N\u00ba 30506 ha delegado en el Poder Ejecutivo, por un plazo de noventa (90) d\u00edas calendario, la facultad de legislar en materia de reactivaci\u00f3n econ\u00f3mica y formalizaci\u00f3n, seguridad ciudadana, lucha contra la corrupci\u00f3n, agua y saneamiento y [&hellip;]<\/p>\n","protected":false},"author":4,"featured_media":527,"comment_status":"open","ping_status":"closed","sticky":false,"template":"","format":"standard","meta":{"_et_pb_use_builder":"","_et_pb_old_content":"","_et_gb_content_width":"","_joinchat":[],"footnotes":""},"categories":[1],"tags":[35,16],"class_list":["post-526","post","type-post","status-publish","format-standard","has-post-thumbnail","hentry","category-blog","tag-igv","tag-sunat"],"_links":{"self":[{"href":"https:\/\/slcontadores.com\/web\/wp-json\/wp\/v2\/posts\/526","targetHints":{"allow":["GET"]}}],"collection":[{"href":"https:\/\/slcontadores.com\/web\/wp-json\/wp\/v2\/posts"}],"about":[{"href":"https:\/\/slcontadores.com\/web\/wp-json\/wp\/v2\/types\/post"}],"author":[{"embeddable":true,"href":"https:\/\/slcontadores.com\/web\/wp-json\/wp\/v2\/users\/4"}],"replies":[{"embeddable":true,"href":"https:\/\/slcontadores.com\/web\/wp-json\/wp\/v2\/comments?post=526"}],"version-history":[{"count":1,"href":"https:\/\/slcontadores.com\/web\/wp-json\/wp\/v2\/posts\/526\/revisions"}],"predecessor-version":[{"id":528,"href":"https:\/\/slcontadores.com\/web\/wp-json\/wp\/v2\/posts\/526\/revisions\/528"}],"wp:featuredmedia":[{"embeddable":true,"href":"https:\/\/slcontadores.com\/web\/wp-json\/wp\/v2\/media\/527"}],"wp:attachment":[{"href":"https:\/\/slcontadores.com\/web\/wp-json\/wp\/v2\/media?parent=526"}],"wp:term":[{"taxonomy":"category","embeddable":true,"href":"https:\/\/slcontadores.com\/web\/wp-json\/wp\/v2\/categories?post=526"},{"taxonomy":"post_tag","embeddable":true,"href":"https:\/\/slcontadores.com\/web\/wp-json\/wp\/v2\/tags?post=526"}],"curies":[{"name":"wp","href":"https:\/\/api.w.org\/{rel}","templated":true}]}}