{"id":485,"date":"2016-09-30T21:06:37","date_gmt":"2016-10-01T02:06:37","guid":{"rendered":"http:\/\/slcontadores.com\/web\/?p=485"},"modified":"2016-09-30T21:06:37","modified_gmt":"2016-10-01T02:06:37","slug":"quiero-dedicarme-a-la-musica","status":"publish","type":"post","link":"https:\/\/slcontadores.com\/web\/quiero-dedicarme-a-la-musica\/","title":{"rendered":"Quiero dedicarme a la m\u00fasica"},"content":{"rendered":"<p><strong>CPC Sergio Luna Montero<\/strong><br \/>\n<strong>Innovarum SAC<\/strong><\/p>\n<p>Eduardo, termina sus estudios secundarios en un colegio particular. Tiene que tomar la decisi\u00f3n de que va estudiar. Sus compa\u00f1eros de clases, unos quieren ser: Abogados, ingenieros, administradores, m\u00e9dicos, enfermeras, etc. todos quieren seguir sus estudios superiores en universidades y\/o institutos. Pero \u00e9l quiere ser algo diferente.<\/p>\n<p>En su familia, hay una vena musical bastante marcada. Su pap\u00e1 era un cantante aficionado y su mam\u00e1 toca el piano. Para ellos estas actividades eran un pasatiempo, ambos eran profesores; pero siempre les gusto la m\u00fasica. Este pasi\u00f3n, se la transmitieron indirectamente a su hijo.<\/p>\n<p>Eduardo, actuaci\u00f3n que hab\u00eda, participaba. En la secundaria llevaba sus CDs de m\u00fasica a sus compa\u00f1eros de clases, hubo uno que se hizo \u201csu hermano\u201d Ra\u00fal. Paraban de arriba abajo, siempre llevabansus CDs y sus guitarras. Eduardo, era el m\u00e1s extrovertido y el m\u00e1s amiguero, un compa\u00f1ero le puso: \u201cDoctor Rock\u201d (todo el mundo lo conoce con este sobrenombre).<\/p>\n<p>\u00bfQu\u00e9 instrumentos musicales toca Eduardo? Flauta, clarinete y guitarra. Un d\u00eda fueron a un recital de la Orquesta Sinf\u00f3nica Nacional (OSN) y vio un instrumento que nunca hab\u00eda visto: El oboe. Se propuso a aprender algo m\u00e1s de \u00e9l y aprender a tocarlo. \u00bfQu\u00e9 es el oboe?, \u00bfqui\u00e9n ense\u00f1a a tocarlo?, \u00bfd\u00f3nde encuentro uno? (fueron unas preguntas que se hizo).<\/p>\n<p>Su pap\u00e1 le consigui\u00f3 uno y un amigo de este tambi\u00e9n le ense\u00f1o a tocarlo. En sus inicios, le resulto dif\u00edcil, pero luego lo domino a la perfecci\u00f3n. Para Eduardo, esto era un pasatiempo. Un d\u00eda su profesor le dijo, que si se presentaba a estudiar en el Conservatorio Nacional de M\u00fasica (CNM), podr\u00eda ser aceptado all\u00ed (\u00bfpor qu\u00e9 no intentarlo?).<\/p>\n<p>Volvamos al inicio de la historia. \u00bfQu\u00e9 cosa quieres estudiar? Yo quiero ser m\u00fasico profesional y estudiar en el CNM (sic). Sus padres pusieron el grito en el cielo, no pod\u00edan creer que su hijo se quer\u00eda dedicar a la m\u00fasica. S\u00e9 que tengo talento en la sangre y voy a ser un m\u00fasico destacado en nuestro pa\u00eds y voy a formar parte de OSN(sic).<\/p>\n<p>A sus padres, no les gusto para nada la idea. Pero le dieron la oportunidad de presentarse y ver lo que pasaba. Un d\u00eda su papa, le hace esta pregunta: \u00bfC\u00f3mo es el examen de admisi\u00f3n en el CNM? Me supongo que se debe estudiar, \u00bfno?. Los que postulamos para estudiar ac\u00e1, debemos rendir un examen que incluye aspectos te\u00f3ricos as\u00ed como la ejecuci\u00f3n de un instrumento o voz. En eso consiste el examen. Tengo que prepararme bastante para este.<\/p>\n<p>Llego el momento de viajar a Lima y ver lo que pasaba. Sus padres le desearon mucha suerte y esperan que se haga realidad su sue\u00f1o. Eduardo tiene talento, pero no creo que ingrese. Habr\u00e1 mejores que \u00e9l y a esto le sumamos que es de provincia, es imposible que ingrese (sic). No le veo chance alguna (sentencio su pap\u00e1).<\/p>\n<p>Empez\u00f3 el proceso de admisi\u00f3n, la prueba te\u00f3rica tuvo buenos resultados. En el examen de tocar con su instrumento musical, lo hizo con perfecci\u00f3n digna de un maestro. Los que postulaban con \u00e9l, eran tambi\u00e9n bastantes buenos. Una de las postulantes cantaba como \u201cun \u00e1ngel\u201d.<br \/>\nDieron los resultados y Eduardo ingreso para estudiar en el CNM. Sus papas, no pod\u00edan creer la noticia que le dio su hijo a ellos (su papa era el m\u00e1s incr\u00e9dulo). Sab\u00eda que ten\u00eda que salir de su provincia, para radicar en Lima. Mis papas me ayudaran con su manutenci\u00f3n y para ayudarme dar\u00e9 clases de m\u00fasica. Hare realidad mi sue\u00f1o: Ser\u00e9 m\u00fasico profesional.<\/p>\n<p>Paso el tiempo, fue uno de los m\u00e1s destacados de su promoci\u00f3n. Hab\u00eda una convocatoria para una audici\u00f3n para ser parte de la OSN. Se presenta e ingresa. Les comenta las noticias a sus papas y se alegraron (esta vez su pap\u00e1 si le cree). Cuando fuiste a postular, recuerdo que me dijiste claramente que ibas a ser m\u00fasico profesional y que serias parte de la OSN (le dijo su pap\u00e1).<\/p>\n<p>Hoy, es un gran m\u00fasico, por su arte ha conocido varios pa\u00edses de Sudam\u00e9rica y de Europa. Sus papas estaban por la calle y se encontraron con un amigo de ellosy les preguntaron por\u00e9l. Sus padres comentan muy orgullos que \u201cDoctor Rock\u201d es parte de OSN y que va de gira a varios pa\u00edses del mundo.<\/p>\n<p>\u00bfDedicarse a la m\u00fasica, podemos verlo como una opci\u00f3n?.<\/p>\n<p>Fuente:\u00a0https:\/\/perugestion.wordpress.com\/2016\/09\/29\/quiero-dedicarme-a-la-musica\/?utm_source=feedburner&amp;utm_medium=email&amp;utm_campaign=Feed%3A+boletin2015a+%28Boletin+1%29<\/p>\n<p>&nbsp;<\/p>\n","protected":false},"excerpt":{"rendered":"<p>CPC Sergio Luna Montero Innovarum SAC Eduardo, termina sus estudios secundarios en un colegio particular. Tiene que tomar la decisi\u00f3n de que va estudiar. Sus compa\u00f1eros de clases, unos quieren ser: Abogados, ingenieros, administradores, m\u00e9dicos, enfermeras, etc. todos quieren seguir sus estudios superiores en universidades y\/o institutos. Pero \u00e9l quiere ser algo diferente. En su [&hellip;]<\/p>\n","protected":false},"author":4,"featured_media":486,"comment_status":"open","ping_status":"closed","sticky":false,"template":"","format":"standard","meta":{"_et_pb_use_builder":"","_et_pb_old_content":"","_et_gb_content_width":"","_joinchat":[],"footnotes":""},"categories":[1],"tags":[132,133],"class_list":["post-485","post","type-post","status-publish","format-standard","has-post-thumbnail","hentry","category-blog","tag-musica","tag-orquesta-sinfonica-nacional"],"_links":{"self":[{"href":"https:\/\/slcontadores.com\/web\/wp-json\/wp\/v2\/posts\/485","targetHints":{"allow":["GET"]}}],"collection":[{"href":"https:\/\/slcontadores.com\/web\/wp-json\/wp\/v2\/posts"}],"about":[{"href":"https:\/\/slcontadores.com\/web\/wp-json\/wp\/v2\/types\/post"}],"author":[{"embeddable":true,"href":"https:\/\/slcontadores.com\/web\/wp-json\/wp\/v2\/users\/4"}],"replies":[{"embeddable":true,"href":"https:\/\/slcontadores.com\/web\/wp-json\/wp\/v2\/comments?post=485"}],"version-history":[{"count":1,"href":"https:\/\/slcontadores.com\/web\/wp-json\/wp\/v2\/posts\/485\/revisions"}],"predecessor-version":[{"id":487,"href":"https:\/\/slcontadores.com\/web\/wp-json\/wp\/v2\/posts\/485\/revisions\/487"}],"wp:featuredmedia":[{"embeddable":true,"href":"https:\/\/slcontadores.com\/web\/wp-json\/wp\/v2\/media\/486"}],"wp:attachment":[{"href":"https:\/\/slcontadores.com\/web\/wp-json\/wp\/v2\/media?parent=485"}],"wp:term":[{"taxonomy":"category","embeddable":true,"href":"https:\/\/slcontadores.com\/web\/wp-json\/wp\/v2\/categories?post=485"},{"taxonomy":"post_tag","embeddable":true,"href":"https:\/\/slcontadores.com\/web\/wp-json\/wp\/v2\/tags?post=485"}],"curies":[{"name":"wp","href":"https:\/\/api.w.org\/{rel}","templated":true}]}}