{"id":472,"date":"2016-09-19T21:19:12","date_gmt":"2016-09-20T02:19:12","guid":{"rendered":"http:\/\/slcontadores.com\/web\/?p=472"},"modified":"2016-09-19T21:19:12","modified_gmt":"2016-09-20T02:19:12","slug":"cual-es-la-jornada-de-trabajo-de-los-trabajadores-del-hogar","status":"publish","type":"post","link":"https:\/\/slcontadores.com\/web\/cual-es-la-jornada-de-trabajo-de-los-trabajadores-del-hogar\/","title":{"rendered":"\u00bfCu\u00e1l es la jornada de trabajo de los trabajadores del hogar?"},"content":{"rendered":"<p>Para la determinaci\u00f3n de la jornada m\u00e1xima de los trabajadores del hogar bajo la modalidad de cama adentro, se entiende por per\u00edodo de trabajo efectivo aquel en el que el trabajador se encuentre desempe\u00f1ando efectivamente las \u00f3rdenes impartidas por el empleador.<\/p>\n<p>Base Legal: Art\u00edculo 9.\u00ba del Decreto Supremo N\u00ba 015-2003-TR.<\/p>\n","protected":false},"excerpt":{"rendered":"<p>Para la determinaci\u00f3n de la jornada m\u00e1xima de los trabajadores del hogar bajo la modalidad de cama adentro, se entiende por per\u00edodo de trabajo efectivo aquel en el que el trabajador se encuentre desempe\u00f1ando efectivamente las \u00f3rdenes impartidas por el empleador. Base Legal: Art\u00edculo 9.\u00ba del Decreto Supremo N\u00ba 015-2003-TR.<\/p>\n","protected":false},"author":4,"featured_media":473,"comment_status":"open","ping_status":"closed","sticky":false,"template":"","format":"standard","meta":{"_et_pb_use_builder":"","_et_pb_old_content":"","_et_gb_content_width":"","_joinchat":[],"footnotes":""},"categories":[1],"tags":[129],"class_list":["post-472","post","type-post","status-publish","format-standard","has-post-thumbnail","hentry","category-blog","tag-trabajadores-del-hogar"],"_links":{"self":[{"href":"https:\/\/slcontadores.com\/web\/wp-json\/wp\/v2\/posts\/472","targetHints":{"allow":["GET"]}}],"collection":[{"href":"https:\/\/slcontadores.com\/web\/wp-json\/wp\/v2\/posts"}],"about":[{"href":"https:\/\/slcontadores.com\/web\/wp-json\/wp\/v2\/types\/post"}],"author":[{"embeddable":true,"href":"https:\/\/slcontadores.com\/web\/wp-json\/wp\/v2\/users\/4"}],"replies":[{"embeddable":true,"href":"https:\/\/slcontadores.com\/web\/wp-json\/wp\/v2\/comments?post=472"}],"version-history":[{"count":1,"href":"https:\/\/slcontadores.com\/web\/wp-json\/wp\/v2\/posts\/472\/revisions"}],"predecessor-version":[{"id":474,"href":"https:\/\/slcontadores.com\/web\/wp-json\/wp\/v2\/posts\/472\/revisions\/474"}],"wp:featuredmedia":[{"embeddable":true,"href":"https:\/\/slcontadores.com\/web\/wp-json\/wp\/v2\/media\/473"}],"wp:attachment":[{"href":"https:\/\/slcontadores.com\/web\/wp-json\/wp\/v2\/media?parent=472"}],"wp:term":[{"taxonomy":"category","embeddable":true,"href":"https:\/\/slcontadores.com\/web\/wp-json\/wp\/v2\/categories?post=472"},{"taxonomy":"post_tag","embeddable":true,"href":"https:\/\/slcontadores.com\/web\/wp-json\/wp\/v2\/tags?post=472"}],"curies":[{"name":"wp","href":"https:\/\/api.w.org\/{rel}","templated":true}]}}