{"id":469,"date":"2016-09-19T21:15:57","date_gmt":"2016-09-20T02:15:57","guid":{"rendered":"http:\/\/slcontadores.com\/web\/?p=469"},"modified":"2016-09-19T21:15:57","modified_gmt":"2016-09-20T02:15:57","slug":"calculo-de-retenciones-del-impuesto-a-la-renta-por-rentas-de-quinta-categoria","status":"publish","type":"post","link":"https:\/\/slcontadores.com\/web\/calculo-de-retenciones-del-impuesto-a-la-renta-por-rentas-de-quinta-categoria\/","title":{"rendered":"C\u00e1lculo de retenciones del impuesto a la renta por rentas de quinta categor\u00eda"},"content":{"rendered":"<p>Para efecto del procedimiento previsto en el art\u00edculo 40\u00b0 del Reglamento de la LIR para el c\u00e1lculo de las retenciones del impuesto a la renta por rentas de quinta categor\u00eda, en el caso de trabajadores sujetos al r\u00e9gimen laboral de la actividad privada con remuneraciones imprecisas o variables, debe entenderse por gratificaci\u00f3n ordinaria a las que hubieran sido puestas a disposici\u00f3n de aquellos en el mes de la retenci\u00f3n y en los meses anteriores del mismo ejercicio por el cual se efect\u00faa la retenci\u00f3n.<\/p>\n<p>Base legal: Informe N.\u00b0 133-2016- SUNAT\/5D0000, de fecha 01 de agosto de 2016.<\/p>\n<p>Fuente: Actualidad Empresarial<\/p>\n","protected":false},"excerpt":{"rendered":"<p>Para efecto del procedimiento previsto en el art\u00edculo 40\u00b0 del Reglamento de la LIR para el c\u00e1lculo de las retenciones del impuesto a la renta por rentas de quinta categor\u00eda, en el caso de trabajadores sujetos al r\u00e9gimen laboral de la actividad privada con remuneraciones imprecisas o variables, debe entenderse por gratificaci\u00f3n ordinaria a las [&hellip;]<\/p>\n","protected":false},"author":4,"featured_media":470,"comment_status":"open","ping_status":"closed","sticky":false,"template":"","format":"standard","meta":{"_et_pb_use_builder":"","_et_pb_old_content":"","_et_gb_content_width":"","_joinchat":[],"footnotes":""},"categories":[1],"tags":[128],"class_list":["post-469","post","type-post","status-publish","format-standard","has-post-thumbnail","hentry","category-blog","tag-impuesto-a-la-renta-de-quinta-categoria"],"_links":{"self":[{"href":"https:\/\/slcontadores.com\/web\/wp-json\/wp\/v2\/posts\/469","targetHints":{"allow":["GET"]}}],"collection":[{"href":"https:\/\/slcontadores.com\/web\/wp-json\/wp\/v2\/posts"}],"about":[{"href":"https:\/\/slcontadores.com\/web\/wp-json\/wp\/v2\/types\/post"}],"author":[{"embeddable":true,"href":"https:\/\/slcontadores.com\/web\/wp-json\/wp\/v2\/users\/4"}],"replies":[{"embeddable":true,"href":"https:\/\/slcontadores.com\/web\/wp-json\/wp\/v2\/comments?post=469"}],"version-history":[{"count":1,"href":"https:\/\/slcontadores.com\/web\/wp-json\/wp\/v2\/posts\/469\/revisions"}],"predecessor-version":[{"id":471,"href":"https:\/\/slcontadores.com\/web\/wp-json\/wp\/v2\/posts\/469\/revisions\/471"}],"wp:featuredmedia":[{"embeddable":true,"href":"https:\/\/slcontadores.com\/web\/wp-json\/wp\/v2\/media\/470"}],"wp:attachment":[{"href":"https:\/\/slcontadores.com\/web\/wp-json\/wp\/v2\/media?parent=469"}],"wp:term":[{"taxonomy":"category","embeddable":true,"href":"https:\/\/slcontadores.com\/web\/wp-json\/wp\/v2\/categories?post=469"},{"taxonomy":"post_tag","embeddable":true,"href":"https:\/\/slcontadores.com\/web\/wp-json\/wp\/v2\/tags?post=469"}],"curies":[{"name":"wp","href":"https:\/\/api.w.org\/{rel}","templated":true}]}}