{"id":457,"date":"2016-09-10T09:27:41","date_gmt":"2016-09-10T14:27:41","guid":{"rendered":"http:\/\/slcontadores.com\/web\/?p=457"},"modified":"2016-09-10T09:27:48","modified_gmt":"2016-09-10T14:27:48","slug":"si-un-trabajador-labora-menos-de-un-mes-30-dias-para-efectos-laborales-tiene-derecho-a-cts-gratificacion-y-vacaciones-truncas","status":"publish","type":"post","link":"https:\/\/slcontadores.com\/web\/si-un-trabajador-labora-menos-de-un-mes-30-dias-para-efectos-laborales-tiene-derecho-a-cts-gratificacion-y-vacaciones-truncas\/","title":{"rendered":"\u00bfSi un trabajador labora menos de un mes (30 d\u00edas para efectos laborales) tiene derecho a cts, gratificaci\u00f3n y vacaciones truncas?"},"content":{"rendered":"<p>Art\u00edculo 2 del D.S N\u00b0 001-97-TR (CTS): La Compensaci\u00f3n por Tiempo de Servicios se devenga desde el primer mes de iniciado el v\u00ednculo laboral, cumpliendo este requisito toda fracci\u00f3n se computa por treintavos.<\/p>\n<p>Art\u00edculo 3.4 del D.S N\u00b0005-2002-TR (GRATIFICACIONES) : El tiempo de Servicio para efectos del c\u00e1lculo de las gratificaciones se determina por cada mes calendario completo laborado en el periodo correspondiente (\u2026)<\/p>\n<p>Art\u00edculo 23 del D.S N\u00b0012-92-TR (VACACIONES): Para que proceda el abono de r\u00e9cord trunco vacacional el trabajador deber\u00e1 acreditar un mes de servicios a su empleador. Cumplido este requisito el record trunco ser\u00e1 compensado a raz\u00f3n de tantos doceavos y treintavos de la remuneraci\u00f3n como meses y d\u00edas computables hubiera laborado, respectivamente.<\/p>\n<p>En conclusi\u00f3n, para que un trabajador tenga derecho al pago de vacaciones, gratificaciones y CTS, debe de tener como m\u00ednimo un mes efectivo de labores.<\/p>\n<p>FUENTE: Actualidad Empresarial.<\/p>\n","protected":false},"excerpt":{"rendered":"<p>Art\u00edculo 2 del D.S N\u00b0 001-97-TR (CTS): La Compensaci\u00f3n por Tiempo de Servicios se devenga desde el primer mes de iniciado el v\u00ednculo laboral, cumpliendo este requisito toda fracci\u00f3n se computa por treintavos. Art\u00edculo 3.4 del D.S N\u00b0005-2002-TR (GRATIFICACIONES) : El tiempo de Servicio para efectos del c\u00e1lculo de las gratificaciones se determina por cada [&hellip;]<\/p>\n","protected":false},"author":4,"featured_media":458,"comment_status":"open","ping_status":"closed","sticky":false,"template":"","format":"standard","meta":{"_et_pb_use_builder":"","_et_pb_old_content":"","_et_gb_content_width":"","_joinchat":[],"footnotes":""},"categories":[1],"tags":[124,127,125,126],"class_list":["post-457","post","type-post","status-publish","format-standard","has-post-thumbnail","hentry","category-blog","tag-cts","tag-derechos-laborales","tag-gratificaciones","tag-vacaciones"],"_links":{"self":[{"href":"https:\/\/slcontadores.com\/web\/wp-json\/wp\/v2\/posts\/457","targetHints":{"allow":["GET"]}}],"collection":[{"href":"https:\/\/slcontadores.com\/web\/wp-json\/wp\/v2\/posts"}],"about":[{"href":"https:\/\/slcontadores.com\/web\/wp-json\/wp\/v2\/types\/post"}],"author":[{"embeddable":true,"href":"https:\/\/slcontadores.com\/web\/wp-json\/wp\/v2\/users\/4"}],"replies":[{"embeddable":true,"href":"https:\/\/slcontadores.com\/web\/wp-json\/wp\/v2\/comments?post=457"}],"version-history":[{"count":1,"href":"https:\/\/slcontadores.com\/web\/wp-json\/wp\/v2\/posts\/457\/revisions"}],"predecessor-version":[{"id":459,"href":"https:\/\/slcontadores.com\/web\/wp-json\/wp\/v2\/posts\/457\/revisions\/459"}],"wp:featuredmedia":[{"embeddable":true,"href":"https:\/\/slcontadores.com\/web\/wp-json\/wp\/v2\/media\/458"}],"wp:attachment":[{"href":"https:\/\/slcontadores.com\/web\/wp-json\/wp\/v2\/media?parent=457"}],"wp:term":[{"taxonomy":"category","embeddable":true,"href":"https:\/\/slcontadores.com\/web\/wp-json\/wp\/v2\/categories?post=457"},{"taxonomy":"post_tag","embeddable":true,"href":"https:\/\/slcontadores.com\/web\/wp-json\/wp\/v2\/tags?post=457"}],"curies":[{"name":"wp","href":"https:\/\/api.w.org\/{rel}","templated":true}]}}