{"id":448,"date":"2016-09-10T08:53:50","date_gmt":"2016-09-10T13:53:50","guid":{"rendered":"http:\/\/slcontadores.com\/web\/?p=448"},"modified":"2016-09-10T08:53:50","modified_gmt":"2016-09-10T13:53:50","slug":"en-que-consiste-la-suspension-perfecta-e-imperfecta-del-contrato-de-trabajo","status":"publish","type":"post","link":"https:\/\/slcontadores.com\/web\/en-que-consiste-la-suspension-perfecta-e-imperfecta-del-contrato-de-trabajo\/","title":{"rendered":"\u00bfEn qu\u00e9 consiste la suspensi\u00f3n perfecta e imperfecta del contrato de trabajo?"},"content":{"rendered":"<p>Se suspende el contrato de trabajo cuando cesa temporalmente la obligaci\u00f3n del trabajador de prestar el servicio y la del empleador de pagar la remuneraci\u00f3n respectiva, sin que desaparezca el v\u00ednculo laboral.<\/p>\n<p>Se suspende, tambi\u00e9n, de modo imperfecto, cuando el empleador debe abonar remuneraci\u00f3n sin contraprestaci\u00f3n efectiva de labores.<\/p>\n<p>Art\u00edculo 11 del D.S N. \u00b0003-97-TR \u2013 Ley de Productividad y Competitividad laboral<\/p>\n<p>FUENTE: Actualidad Empresarial.<\/p>\n","protected":false},"excerpt":{"rendered":"<p>Se suspende el contrato de trabajo cuando cesa temporalmente la obligaci\u00f3n del trabajador de prestar el servicio y la del empleador de pagar la remuneraci\u00f3n respectiva, sin que desaparezca el v\u00ednculo laboral. Se suspende, tambi\u00e9n, de modo imperfecto, cuando el empleador debe abonar remuneraci\u00f3n sin contraprestaci\u00f3n efectiva de labores. Art\u00edculo 11 del D.S N. \u00b0003-97-TR [&hellip;]<\/p>\n","protected":false},"author":4,"featured_media":449,"comment_status":"open","ping_status":"closed","sticky":false,"template":"","format":"standard","meta":{"_et_pb_use_builder":"","_et_pb_old_content":"","_et_gb_content_width":"","_joinchat":[],"footnotes":""},"categories":[1],"tags":[119,120],"class_list":["post-448","post","type-post","status-publish","format-standard","has-post-thumbnail","hentry","category-blog","tag-remuneracion","tag-remuneracion-sin-contraprestacion-efectiva-de-labores"],"_links":{"self":[{"href":"https:\/\/slcontadores.com\/web\/wp-json\/wp\/v2\/posts\/448","targetHints":{"allow":["GET"]}}],"collection":[{"href":"https:\/\/slcontadores.com\/web\/wp-json\/wp\/v2\/posts"}],"about":[{"href":"https:\/\/slcontadores.com\/web\/wp-json\/wp\/v2\/types\/post"}],"author":[{"embeddable":true,"href":"https:\/\/slcontadores.com\/web\/wp-json\/wp\/v2\/users\/4"}],"replies":[{"embeddable":true,"href":"https:\/\/slcontadores.com\/web\/wp-json\/wp\/v2\/comments?post=448"}],"version-history":[{"count":1,"href":"https:\/\/slcontadores.com\/web\/wp-json\/wp\/v2\/posts\/448\/revisions"}],"predecessor-version":[{"id":450,"href":"https:\/\/slcontadores.com\/web\/wp-json\/wp\/v2\/posts\/448\/revisions\/450"}],"wp:featuredmedia":[{"embeddable":true,"href":"https:\/\/slcontadores.com\/web\/wp-json\/wp\/v2\/media\/449"}],"wp:attachment":[{"href":"https:\/\/slcontadores.com\/web\/wp-json\/wp\/v2\/media?parent=448"}],"wp:term":[{"taxonomy":"category","embeddable":true,"href":"https:\/\/slcontadores.com\/web\/wp-json\/wp\/v2\/categories?post=448"},{"taxonomy":"post_tag","embeddable":true,"href":"https:\/\/slcontadores.com\/web\/wp-json\/wp\/v2\/tags?post=448"}],"curies":[{"name":"wp","href":"https:\/\/api.w.org\/{rel}","templated":true}]}}