{"id":401,"date":"2016-08-30T13:32:43","date_gmt":"2016-08-30T18:32:43","guid":{"rendered":"http:\/\/slcontadores.com\/web\/?p=401"},"modified":"2016-08-30T13:32:43","modified_gmt":"2016-08-30T18:32:43","slug":"el-miedo-al-cambio-es-un-obstaculo-para-que-mas-empresas-usen-las-facturas-electronicas","status":"publish","type":"post","link":"https:\/\/slcontadores.com\/web\/el-miedo-al-cambio-es-un-obstaculo-para-que-mas-empresas-usen-las-facturas-electronicas\/","title":{"rendered":"El miedo al cambio es un obst\u00e1culo para que m\u00e1s empresas usen las facturas electr\u00f3nicas"},"content":{"rendered":"<p>Las <strong>facturas electr\u00f3nicas<\/strong> son un tema casi nuevo en el Per\u00fa y a la fecha son m\u00e1s de 33,000 contribuyentes que ya utilizan este instrumento tributario, de los cuales la mayor\u00eda son peque\u00f1as y medianas empresas (pymes) pero el universo es a\u00fan mayor y eso quiere aprovechar la firma espa\u00f1ola Seres.<\/p>\n<p>Carlos Velamaz\u00e1n, director de la Unidad de Negocio para Am\u00e9rica de Seres, explic\u00f3 que el Per\u00fa est\u00e1 en un momento en el que el uso de las facturas electr\u00f3nicas se ha hecho realidad y el universo de usuarios es cada vez m\u00e1s grande.<\/p>\n<p>\u201cEn los primeros meses y el primero a\u00f1o, que genera cierta incertidumbre en los mercados, en estos momentos hay un desarrollo ya sostenido y bien mantenido por parte de Sunat en cuanto a los grupos de obligatoriedad y a los que las empresas se est\u00e1n afiliando\u201d, declar\u00f3 a gestion.pe.<\/p>\n<p>Indic\u00f3 que la experiencia del Per\u00fa en este tema ha sido \u201cbuena\u201d debido a la anticipaci\u00f3n con la que actuaron las autoridades, siguiendo una normativa t\u00e9cnica \u201cclara\u201d.<\/p>\n<p>\u201cEsto no quiere decir que de vez en cuando tengamos nuestras dificultades e inconvenientes a lo largo del desarrollo del proyecto. Entiendo que poco a poco las compa\u00f1\u00edas peruanas est\u00e1n entendiendo la obligaci\u00f3n y espero que dentro de poco entiendan las m\u00faltiples ventajas que tiene\u201d, asever\u00f3.<\/p>\n<p>En ese sentido, reconoci\u00f3 que si bien no hay una dificultad espec\u00edfica del Per\u00fa que evite la mayor expansi\u00f3n del uso de las facturas electr\u00f3nicas, lo que s\u00ed se produce es algo que afecta a otros mercados: \u201cel miedo al cambio\u201d.<\/p>\n<p>\u201cS\u00ed tenemos los inconvenientes tradicionales por la implantaci\u00f3n de una nueva modalidad de tecnolog\u00eda y es un factor que se genera socialmente, que es el miedo al cambio motivado por el desconocimiento. Al desconocer \u00bfqu\u00e9 es lo que va a ocurrir? o \u00bfpor qu\u00e9 ocurre esto? se produce cierto pavor o cierto miedo a realizar este cambio\u201d, coment\u00f3.<br \/>\nAunque precis\u00f3 que esto se va superando en la medida que las experiencias van ocurriendo y que m\u00e1s compa\u00f1\u00edas que usen m\u00e1s facturas electr\u00f3nicas.<\/p>\n<p>\u201cLo que hemos intentado hacer bastante los operadores es comunicar y explicar qu\u00e9 es esto, esto no es una cosa o experiencia nueva sino que es conocida desde hace mucho tiempo en otros mercados, es una iniciativa ventajosa para las compa\u00f1\u00edas tambi\u00e9n y para la Sunat tambi\u00e9n\u201d, anot\u00f3.<\/p>\n<p><strong>Beneficios<\/strong><br \/>\nJustamente los beneficios del uso de las facturas electr\u00f3nicas se pueden enfocar desde el punto de vista de la propia empresa y donde se distinguen dos factores esenciales: uno es la optimizaci\u00f3n de procesos del negocio con otras empresas y a su vez se reducen los costos.<\/p>\n<p>\u201cLa gesti\u00f3n de un documento electr\u00f3nico en costo es infinitamente menor que la gesti\u00f3n de un documento en papel pero \u00bfpor qu\u00e9 no resulta esto aparente? Pues porque hist\u00f3ricamente estamos acostumbrados a manejar documentos en papel y esos costos permanecen ocultos\u201d, anot\u00f3.<\/p>\n<p>En ese sentido, manifest\u00f3 que en otros mercados donde opera la espa\u00f1ola Seres se ha visto reducciones de costos administrativos de gesti\u00f3n de documentos entre 60% y 80% en las empresas que se inclinan por las facturas electr\u00f3nicas y la digitalizaci\u00f3n de documentos.<\/p>\n<p>Fuente: Diario Gesti\u00f3n<\/p>\n<p>&nbsp;<\/p>\n","protected":false},"excerpt":{"rendered":"<p>Las facturas electr\u00f3nicas son un tema casi nuevo en el Per\u00fa y a la fecha son m\u00e1s de 33,000 contribuyentes que ya utilizan este instrumento tributario, de los cuales la mayor\u00eda son peque\u00f1as y medianas empresas (pymes) pero el universo es a\u00fan mayor y eso quiere aprovechar la firma espa\u00f1ola Seres. Carlos Velamaz\u00e1n, director de [&hellip;]<\/p>\n","protected":false},"author":4,"featured_media":402,"comment_status":"open","ping_status":"closed","sticky":false,"template":"","format":"standard","meta":{"_et_pb_use_builder":"","_et_pb_old_content":"","_et_gb_content_width":"","_joinchat":[],"footnotes":""},"categories":[1],"tags":[105,104],"class_list":["post-401","post","type-post","status-publish","format-standard","has-post-thumbnail","hentry","category-blog","tag-diario-gestion","tag-facturas-electronicas"],"_links":{"self":[{"href":"https:\/\/slcontadores.com\/web\/wp-json\/wp\/v2\/posts\/401","targetHints":{"allow":["GET"]}}],"collection":[{"href":"https:\/\/slcontadores.com\/web\/wp-json\/wp\/v2\/posts"}],"about":[{"href":"https:\/\/slcontadores.com\/web\/wp-json\/wp\/v2\/types\/post"}],"author":[{"embeddable":true,"href":"https:\/\/slcontadores.com\/web\/wp-json\/wp\/v2\/users\/4"}],"replies":[{"embeddable":true,"href":"https:\/\/slcontadores.com\/web\/wp-json\/wp\/v2\/comments?post=401"}],"version-history":[{"count":1,"href":"https:\/\/slcontadores.com\/web\/wp-json\/wp\/v2\/posts\/401\/revisions"}],"predecessor-version":[{"id":403,"href":"https:\/\/slcontadores.com\/web\/wp-json\/wp\/v2\/posts\/401\/revisions\/403"}],"wp:featuredmedia":[{"embeddable":true,"href":"https:\/\/slcontadores.com\/web\/wp-json\/wp\/v2\/media\/402"}],"wp:attachment":[{"href":"https:\/\/slcontadores.com\/web\/wp-json\/wp\/v2\/media?parent=401"}],"wp:term":[{"taxonomy":"category","embeddable":true,"href":"https:\/\/slcontadores.com\/web\/wp-json\/wp\/v2\/categories?post=401"},{"taxonomy":"post_tag","embeddable":true,"href":"https:\/\/slcontadores.com\/web\/wp-json\/wp\/v2\/tags?post=401"}],"curies":[{"name":"wp","href":"https:\/\/api.w.org\/{rel}","templated":true}]}}