{"id":398,"date":"2016-08-30T13:14:59","date_gmt":"2016-08-30T18:14:59","guid":{"rendered":"http:\/\/slcontadores.com\/web\/?p=398"},"modified":"2016-08-30T13:14:59","modified_gmt":"2016-08-30T18:14:59","slug":"sunat-designa-nuevos-emisores-electronicos","status":"publish","type":"post","link":"https:\/\/slcontadores.com\/web\/sunat-designa-nuevos-emisores-electronicos\/","title":{"rendered":"SUNAT designa nuevos emisores electr\u00f3nicos"},"content":{"rendered":"<p>Mediante la <span style=\"text-decoration: underline;\">Resoluci\u00f3n de Superintendencia N\u00b0203-2015\/SUNAT<\/span>, publicada el 4 de agosto del 2015, la Administraci\u00f3n tributaria contin\u00faa el proceso gradual de incorporaci\u00f3n al Sistema de Emisi\u00f3n Electr\u00f3nica (SEE) y designa nuevos emisores electr\u00f3nicos desde los sistemas del contribuyente y el Sistema de Emisi\u00f3n Electr\u00f3nica SOL.<\/p>\n<p>Seg\u00fan la nueva normativa, se designa como nuevos emisores electr\u00f3nicos a los sujetos que:<\/p>\n<ul>\n<li><strong>Desde el 15 de julio de 2016:<\/strong><br \/>\nTengan la calidad de principales contribuyentes nacionales al 31 de julio de 2015.<\/li>\n<li><strong>Desde el 1 de diciembre de 2016:<\/strong><br \/>\nTengan la calidad de principales contribuyentes de la Intendencia Lima al 31 de julio de 2015. Tengan la calidad de principales contribuyentes de las intendencias regionales y oficinas zonales al 31 de julio de 2015.<\/li>\n<\/ul>\n<p>Adem\u00e1s, se indic\u00f3 que a partir del 2018 se masificar\u00eda el uso de la factura electr\u00f3nica en todo el pa\u00eds, que permitir\u00e1 una mayor fiscalizaci\u00f3n de la SUNAT, para frenar y combatir la evasi\u00f3n.<\/p>\n<p><strong>El dato:<\/strong><br \/>\nLos sujetos que tengan la calidad de emisores electr\u00f3nicos estar\u00e1n obligados a emitir facturas electr\u00f3nicas, boletas de venta electr\u00f3nicas, notas de cr\u00e9dito electr\u00f3nicas y notas de d\u00e9bito electr\u00f3nicas, conforme a lo dispuesto en la Resoluci\u00f3n de Superintendencia N\u00b0203-2015\/SUNAT.<\/p>\n<p>Fuente: SUNAT<\/p>\n","protected":false},"excerpt":{"rendered":"<p>Mediante la Resoluci\u00f3n de Superintendencia N\u00b0203-2015\/SUNAT, publicada el 4 de agosto del 2015, la Administraci\u00f3n tributaria contin\u00faa el proceso gradual de incorporaci\u00f3n al Sistema de Emisi\u00f3n Electr\u00f3nica (SEE) y designa nuevos emisores electr\u00f3nicos desde los sistemas del contribuyente y el Sistema de Emisi\u00f3n Electr\u00f3nica SOL. Seg\u00fan la nueva normativa, se designa como nuevos emisores electr\u00f3nicos [&hellip;]<\/p>\n","protected":false},"author":4,"featured_media":399,"comment_status":"open","ping_status":"closed","sticky":false,"template":"","format":"standard","meta":{"_et_pb_use_builder":"","_et_pb_old_content":"","_et_gb_content_width":"","_joinchat":[],"footnotes":""},"categories":[1],"tags":[103,16],"class_list":["post-398","post","type-post","status-publish","format-standard","has-post-thumbnail","hentry","category-blog","tag-emisores-electronicos","tag-sunat"],"_links":{"self":[{"href":"https:\/\/slcontadores.com\/web\/wp-json\/wp\/v2\/posts\/398","targetHints":{"allow":["GET"]}}],"collection":[{"href":"https:\/\/slcontadores.com\/web\/wp-json\/wp\/v2\/posts"}],"about":[{"href":"https:\/\/slcontadores.com\/web\/wp-json\/wp\/v2\/types\/post"}],"author":[{"embeddable":true,"href":"https:\/\/slcontadores.com\/web\/wp-json\/wp\/v2\/users\/4"}],"replies":[{"embeddable":true,"href":"https:\/\/slcontadores.com\/web\/wp-json\/wp\/v2\/comments?post=398"}],"version-history":[{"count":1,"href":"https:\/\/slcontadores.com\/web\/wp-json\/wp\/v2\/posts\/398\/revisions"}],"predecessor-version":[{"id":400,"href":"https:\/\/slcontadores.com\/web\/wp-json\/wp\/v2\/posts\/398\/revisions\/400"}],"wp:featuredmedia":[{"embeddable":true,"href":"https:\/\/slcontadores.com\/web\/wp-json\/wp\/v2\/media\/399"}],"wp:attachment":[{"href":"https:\/\/slcontadores.com\/web\/wp-json\/wp\/v2\/media?parent=398"}],"wp:term":[{"taxonomy":"category","embeddable":true,"href":"https:\/\/slcontadores.com\/web\/wp-json\/wp\/v2\/categories?post=398"},{"taxonomy":"post_tag","embeddable":true,"href":"https:\/\/slcontadores.com\/web\/wp-json\/wp\/v2\/tags?post=398"}],"curies":[{"name":"wp","href":"https:\/\/api.w.org\/{rel}","templated":true}]}}