{"id":368,"date":"2014-12-06T12:30:42","date_gmt":"2014-12-06T17:30:42","guid":{"rendered":"http:\/\/slcontadores.com\/web\/?p=368"},"modified":"2014-12-06T12:30:42","modified_gmt":"2014-12-06T17:30:42","slug":"ninguna-nueva-afp-participaria-en-la-licitacion-de-afiliados-de-diciembre","status":"publish","type":"post","link":"https:\/\/slcontadores.com\/web\/ninguna-nueva-afp-participaria-en-la-licitacion-de-afiliados-de-diciembre\/","title":{"rendered":"Ninguna nueva AFP participar\u00eda en la licitaci\u00f3n de afiliados de diciembre"},"content":{"rendered":"<p style=\"text-align: justify;\">Hasta la fecha la SBS no ha extendido ninguna licencia de organizaci\u00f3n para que una nueva AFP participe en la licitaci\u00f3n. Solo las cuatro del mercado ser\u00edan parte del proceso.<br \/>\nA solo 12 d\u00edas de la segunda licitaci\u00f3n de afiliados a las Administradoras de Fondos de Pensiones (AFP), ninguna nueva entidad ha iniciado su organizaci\u00f3n en el mercado peruano para participar en el proceso, inform\u00f3 la Superintendencia de Banca, Seguros y AFP (SBS).<br \/>\nEl 20 de noviembre \u00faltimo, el coordinador ejecutivo del departamento de regulaci\u00f3n de la SBS, C\u00e9sar Rivera, coment\u00f3 que la entidad regulatoria no hab\u00eda recibido ninguna solicitud para la formaci\u00f3n de una nueva AFP, situaci\u00f3n que se mantiene hasta la fecha.<br \/>\nLa norma vigente permite que AFP en formaci\u00f3n, sean locales o extranjeras, tambi\u00e9n puedan presentar sus ofertas en la licitaci\u00f3n de afiliados, pero para ello necesitan tener una licencia de organizaci\u00f3n.<br \/>\nAnte esta situaci\u00f3n lo m\u00e1s probable es que solo participen en la licitaci\u00f3n del pr\u00f3ximo 18 de diciembre las cuatro AFP que operan actualmente en el mercado que son Prima, Integra, Profuturo y Habitat.<br \/>\nLa AFP que ofrezca la menor comisi\u00f3n mixta se adjudicar\u00e1 el manejo de los ahorros previsionales de los nuevos afiliados que se incorporen al SPP entre junio del 2015 y mayo del 2017.<br \/>\nEste esquema asegura que la AFP que gane la licitaci\u00f3n lo har\u00e1 con una comisi\u00f3n menor a la actual, que la tiene Habitat con la que gan\u00f3 la primera licitaci\u00f3n en el a\u00f1o 2012.<\/p>\n","protected":false},"excerpt":{"rendered":"<p>Hasta la fecha la SBS no ha extendido ninguna licencia de organizaci\u00f3n para que una nueva AFP participe en la licitaci\u00f3n. Solo las cuatro del mercado ser\u00edan parte del proceso. A solo 12 d\u00edas de la segunda licitaci\u00f3n de afiliados a las Administradoras de Fondos de Pensiones (AFP), ninguna nueva entidad ha iniciado su organizaci\u00f3n [&hellip;]<\/p>\n","protected":false},"author":4,"featured_media":0,"comment_status":"open","ping_status":"closed","sticky":false,"template":"","format":"standard","meta":{"_et_pb_use_builder":"","_et_pb_old_content":"","_et_gb_content_width":"","_joinchat":[],"footnotes":""},"categories":[1],"tags":[93,9,92],"class_list":["post-368","post","type-post","status-publish","format-standard","hentry","category-blog","tag-afiliados-diciembre","tag-afp","tag-licitacion-afp"],"_links":{"self":[{"href":"https:\/\/slcontadores.com\/web\/wp-json\/wp\/v2\/posts\/368","targetHints":{"allow":["GET"]}}],"collection":[{"href":"https:\/\/slcontadores.com\/web\/wp-json\/wp\/v2\/posts"}],"about":[{"href":"https:\/\/slcontadores.com\/web\/wp-json\/wp\/v2\/types\/post"}],"author":[{"embeddable":true,"href":"https:\/\/slcontadores.com\/web\/wp-json\/wp\/v2\/users\/4"}],"replies":[{"embeddable":true,"href":"https:\/\/slcontadores.com\/web\/wp-json\/wp\/v2\/comments?post=368"}],"version-history":[{"count":1,"href":"https:\/\/slcontadores.com\/web\/wp-json\/wp\/v2\/posts\/368\/revisions"}],"predecessor-version":[{"id":369,"href":"https:\/\/slcontadores.com\/web\/wp-json\/wp\/v2\/posts\/368\/revisions\/369"}],"wp:attachment":[{"href":"https:\/\/slcontadores.com\/web\/wp-json\/wp\/v2\/media?parent=368"}],"wp:term":[{"taxonomy":"category","embeddable":true,"href":"https:\/\/slcontadores.com\/web\/wp-json\/wp\/v2\/categories?post=368"},{"taxonomy":"post_tag","embeddable":true,"href":"https:\/\/slcontadores.com\/web\/wp-json\/wp\/v2\/tags?post=368"}],"curies":[{"name":"wp","href":"https:\/\/api.w.org\/{rel}","templated":true}]}}