{"id":339,"date":"2014-11-22T13:15:28","date_gmt":"2014-11-22T18:15:28","guid":{"rendered":"http:\/\/slcontadores.com\/web\/?p=339"},"modified":"2014-11-22T13:15:28","modified_gmt":"2014-11-22T18:15:28","slug":"reduccion-del-impuesto-a-la-renta-estas-son-las-escalas-propuestas","status":"publish","type":"post","link":"https:\/\/slcontadores.com\/web\/reduccion-del-impuesto-a-la-renta-estas-son-las-escalas-propuestas\/","title":{"rendered":"Reducci\u00f3n del impuesto a la renta: \u00e9stas son las escalas propuestas"},"content":{"rendered":"<p style=\"text-align: justify;\"><span style=\"color: #000000;\">Tal como estaba anunciado, el Poder Ejecutivo elev\u00f3 al Congreso \u00a0el proyecto de ley 4007\/2014-PE, que incluye las modificaciones a la ley del impuesto a la renta anunciadas por el ministro de Econom\u00eda, Alonso Segura, y la presidenta del Consejo de Ministros, Ana Jara, en la noche del mi\u00e9rcoles.<\/span><br \/>\n<span style=\"color: #000000;\">El mencionado proyecto de ley incluye las reducciones al impuesto a la renta de tercera categor\u00eda (empresas), cuarta categor\u00eda (trabajadores independientes) y quinta categor\u00eda (trabajadores dependientes), con los que el gobierno pretende dinamizar el consumo y devolverle dinamismo a la econom\u00eda del pa\u00eds. En l\u00ednea con lo que hab\u00eda adelantado Segura en sus declaraciones de estos d\u00edas, los ajustes no solo incluyen los tramos m\u00e1s bajos del IR, sino que modifican ligeramente, tambi\u00e9n, los tramos m\u00e1s altos.<\/span><br \/>\n<span style=\"color: #000000;\">A falta de la aprobaci\u00f3n del Congreso, los tramos del impuesto a la renta de cuarta y quinta categor\u00eda quedar\u00edan como sigue a partir del 2015:<\/span><\/p>\n<h5 style=\"margin: 0cm 0cm 7.5pt 0cm;\"><span class=\"chart-title\"><span style=\"font-size: 16.5pt; line-height: 115%; font-family: 'Arial','sans-serif'; color: black; font-weight: normal;\">Tramos propuestos IR<\/span><\/span><\/h5>\n<p>Renta neta + renta de fuente extranjera \u00a0 \u00a0 \u00a0 \u00a0 \u00a0 \u00a0 \u00a0 \u00a0 \u00a0 \u00a0 \u00a0 \u00a0 \u00a0 \u00a0 \u00a0 \u00a0 \u00a0 \u00a0 tasa (%)<br \/>\nHasta 5 UIT \u00a0 \u00a0 \u00a0 \u00a0 \u00a0 \u00a0 \u00a0 \u00a0 \u00a0 \u00a0 \u00a0 \u00a0 \u00a0 \u00a0 \u00a0 \u00a0 \u00a0 \u00a0 \u00a0 \u00a0 \u00a0 \u00a0 \u00a0 \u00a0 \u00a0 \u00a0 \u00a0 \u00a0 \u00a0 \u00a0 \u00a0 \u00a0 \u00a0 \u00a0 \u00a0 \u00a0 \u00a0 \u00a0 \u00a0 \u00a0 \u00a0 \u00a0 \u00a0 \u00a0 \u00a0 \u00a0 \u00a08<br \/>\nM\u00e1s de 5 UIT hasta 20 UIT \u00a0 \u00a0 \u00a0 \u00a0 \u00a0 \u00a0 \u00a0 \u00a0 \u00a0 \u00a0 \u00a0 \u00a0 \u00a0 \u00a0 \u00a0 \u00a0 \u00a0 \u00a0 \u00a0 \u00a0 \u00a0 \u00a0 \u00a0 \u00a0 \u00a0 \u00a0 \u00a0 \u00a0 \u00a0 \u00a0 \u00a0 \u00a0 14<br \/>\nM\u00e1s de 20 UIT hasta 35 UIT \u00a0 \u00a0 \u00a0 \u00a0 \u00a0 \u00a0 \u00a0 \u00a0 \u00a0 \u00a0 \u00a0 \u00a0 \u00a0 \u00a0 \u00a0 \u00a0 \u00a0 \u00a0 \u00a0 \u00a0 \u00a0 \u00a0 \u00a0 \u00a0 \u00a0 \u00a0 \u00a0 \u00a0 \u00a0 \u00a0 \u00a0 17<br \/>\nM\u00e1s de 35 UIT hasta 45 UIT \u00a0 \u00a0 \u00a0 \u00a0 \u00a0 \u00a0 \u00a0 \u00a0 \u00a0 \u00a0 \u00a0 \u00a0 \u00a0 \u00a0 \u00a0 \u00a0 \u00a0 \u00a0 \u00a0 \u00a0 \u00a0 \u00a0 \u00a0 \u00a0 \u00a0 \u00a0 \u00a0 \u00a0 \u00a0 \u00a0 \u00a0 20<br \/>\nM\u00e1s de 45 UIT \u00a0 \u00a0 \u00a0 \u00a0 \u00a0 \u00a0 \u00a0 \u00a0 \u00a0 \u00a0 \u00a0 \u00a0 \u00a0 \u00a0 \u00a0 \u00a0 \u00a0 \u00a0 \u00a0 \u00a0 \u00a0 \u00a0 \u00a0 \u00a0 \u00a0 \u00a0 \u00a0 \u00a0 \u00a0 \u00a0 \u00a0 \u00a0 \u00a0 \u00a0 \u00a0 \u00a0 \u00a0 \u00a0 \u00a0 \u00a0 \u00a0 \u00a0 \u00a0 \u00a030<\/p>\n<p style=\"text-align: justify;\"><span style=\"color: #000000;\">Asimismo, la tasa el impuesto a la renta de tercera categor\u00eda se reducir\u00e1 progresivamente: del 30% actual a 28% para los ejercicios 2015-2016, 27% en 2016-2017 y 26% para el ejercicio 2019 en adelante. En paralelo, la tasa imponible a los dividendos y otras formas de distribuci\u00f3n de utilidades ir\u00e1 subiendo, seg\u00fan explica el siguiente cuadro:<\/span><\/p>\n<h3 style=\"text-align: justify;\"><strong>Cambios en el IR e impuesto a los dividendos<\/strong><\/h3>\n<table width=\"518\">\n<thead>\n<tr>\n<td width=\"201\">\n<p style=\"text-align: center;\"><strong>Ejercicios gravables<\/strong><\/p>\n<\/td>\n<td width=\"131\">\n<p style=\"text-align: center;\"><strong>Tasa IR (3ra)<\/strong><\/p>\n<\/td>\n<td width=\"117\">\n<p style=\"text-align: center;\"><strong>Dividendos<\/strong><\/p>\n<\/td>\n<\/tr>\n<\/thead>\n<tbody>\n<tr>\n<td>\n<p style=\"text-align: center;\">2015-2016<\/p>\n<\/td>\n<td>\n<p style=\"text-align: center;\">28%<\/p>\n<\/td>\n<td style=\"text-align: center;\">\n<p style=\"text-align: left;\">6,8%<\/p>\n<\/td>\n<\/tr>\n<tr>\n<td>\n<p style=\"text-align: center;\">2017-2018<\/p>\n<\/td>\n<td>\n<p style=\"text-align: center;\">27%<\/p>\n<\/td>\n<td>\n<p style=\"text-align: left;\">8%<\/p>\n<\/td>\n<\/tr>\n<tr>\n<td style=\"text-align: center;\">\n<p style=\"text-align: left;\">2019 en adelante<\/p>\n<\/td>\n<td style=\"text-align: center;\">\n<p style=\"text-align: left;\">26%<\/p>\n<\/td>\n<td>\n<p style=\"text-align: left;\">9,3%<\/p>\n<\/td>\n<\/tr>\n<\/tbody>\n<\/table>\n<p>Con este cambio de tasas, el gobierno pretende incentivar que las empresas reinviertan sus utilidades.<\/p>\n<p>http:\/\/semanaeconomica.com\/article\/economia\/148754-reduccion-del-impuesto-a-la-renta-estas-son-las-escalas-propuestas\/<\/p>\n<p><a href=\"https:\/\/slcontadores.com\/web\/wp-content\/uploads\/2014\/11\/mef1.jpg\"><img loading=\"lazy\" decoding=\"async\" class=\"wp-image-340 aligncenter\" src=\"https:\/\/slcontadores.com\/web\/wp-content\/uploads\/2014\/11\/mef1.jpg\" alt=\"mef1\" width=\"652\" height=\"434\" srcset=\"https:\/\/slcontadores.com\/web\/wp-content\/uploads\/2014\/11\/mef1.jpg 700w, https:\/\/slcontadores.com\/web\/wp-content\/uploads\/2014\/11\/mef1-300x199.jpg 300w\" sizes=\"auto, (max-width: 652px) 100vw, 652px\" \/><\/a><\/p>\n<p>&nbsp;<\/p>\n","protected":false},"excerpt":{"rendered":"<p>Tal como estaba anunciado, el Poder Ejecutivo elev\u00f3 al Congreso \u00a0el proyecto de ley 4007\/2014-PE, que incluye las modificaciones a la ley del impuesto a la renta anunciadas por el ministro de Econom\u00eda, Alonso Segura, y la presidenta del Consejo de Ministros, Ana Jara, en la noche del mi\u00e9rcoles. El mencionado proyecto de ley incluye [&hellip;]<\/p>\n","protected":false},"author":4,"featured_media":0,"comment_status":"open","ping_status":"closed","sticky":false,"template":"","format":"standard","meta":{"_et_pb_use_builder":"","_et_pb_old_content":"","_et_gb_content_width":"","_joinchat":[],"footnotes":""},"categories":[1],"tags":[69,68,72,70,71,73],"class_list":["post-339","post","type-post","status-publish","format-standard","hentry","category-blog","tag-modificaciones-del-impuesto-a-la-renta","tag-proyecto-ley-40072014-pe","tag-reduccion-de-quinta-categoria","tag-reduccion-renta-de-tercera","tag-renta-de-cuarta-categoria","tag-tramos-del-impuesto-a-la-renta"],"_links":{"self":[{"href":"https:\/\/slcontadores.com\/web\/wp-json\/wp\/v2\/posts\/339","targetHints":{"allow":["GET"]}}],"collection":[{"href":"https:\/\/slcontadores.com\/web\/wp-json\/wp\/v2\/posts"}],"about":[{"href":"https:\/\/slcontadores.com\/web\/wp-json\/wp\/v2\/types\/post"}],"author":[{"embeddable":true,"href":"https:\/\/slcontadores.com\/web\/wp-json\/wp\/v2\/users\/4"}],"replies":[{"embeddable":true,"href":"https:\/\/slcontadores.com\/web\/wp-json\/wp\/v2\/comments?post=339"}],"version-history":[{"count":6,"href":"https:\/\/slcontadores.com\/web\/wp-json\/wp\/v2\/posts\/339\/revisions"}],"predecessor-version":[{"id":346,"href":"https:\/\/slcontadores.com\/web\/wp-json\/wp\/v2\/posts\/339\/revisions\/346"}],"wp:attachment":[{"href":"https:\/\/slcontadores.com\/web\/wp-json\/wp\/v2\/media?parent=339"}],"wp:term":[{"taxonomy":"category","embeddable":true,"href":"https:\/\/slcontadores.com\/web\/wp-json\/wp\/v2\/categories?post=339"},{"taxonomy":"post_tag","embeddable":true,"href":"https:\/\/slcontadores.com\/web\/wp-json\/wp\/v2\/tags?post=339"}],"curies":[{"name":"wp","href":"https:\/\/api.w.org\/{rel}","templated":true}]}}