{"id":336,"date":"2014-11-22T13:03:14","date_gmt":"2014-11-22T18:03:14","guid":{"rendered":"http:\/\/slcontadores.com\/web\/?p=336"},"modified":"2014-11-22T13:03:14","modified_gmt":"2014-11-22T18:03:14","slug":"salen-medidas-tributarias-para-reactivar-al-pais","status":"publish","type":"post","link":"https:\/\/slcontadores.com\/web\/salen-medidas-tributarias-para-reactivar-al-pais\/","title":{"rendered":"Salen medidas tributarias para reactivar al pa\u00eds"},"content":{"rendered":"<p style=\"text-align: justify;\">Congreso public\u00f3 el tercer paquete de medidas del Ejecutivo que trae ajustes reclamados por el empresariado, como la modificaci\u00f3n en el IGV e ISC y del c\u00f3digo tributario, as\u00ed como promoci\u00f3n de las APP y Obras por Impuestos.<\/p>\n<p style=\"text-align: justify;\">El Congreso aprob\u00f3 ayer el tercer paquete de medidas enviadas por el Ejecutivo, con el objetivo de reactivar la econom\u00eda, que seg\u00fan diversos expertos se encuentra en franco proceso de enfriamiento, y que tendr\u00eda este a\u00f1o un crecimiento cercano al 3% respecto del 2013.<\/p>\n<p style=\"text-align: justify;\">Este conjunto de medidas tiene como principales ejes el campo tributario, as\u00ed como de la promoci\u00f3n de la inversi\u00f3n privada y p\u00fablica y mejora de la competitividad.<\/p>\n<p style=\"text-align: justify;\">Estas iniciativas est\u00e1n enmarcadas en la Ley 30264 \u201cLey que establece medidas para promover el crecimento econ\u00f3mico\u201d, y lleva la firma del Presidente Ollanta Humala y de la presidente del Consejo de Ministros, Ana Jara.<\/p>\n<p style=\"text-align: justify;\">MEDIDAS TRIBUTARIAS<\/p>\n<p style=\"text-align: justify;\">Un primer cap\u00edtulo destaca un r\u00e9gimen excepcional y temporal de depreciaci\u00f3n para edificios y construcciones a partir del ejercicio gravable 2015 aplicando un porcentaje anual del 20% hasta su total depreciaci\u00f3n, siempre que los bienes sean destinados al desarrollo empresarial y cumplan con ciertas condiciones.<\/p>\n<p style=\"text-align: justify;\">Javier Z\u00fa\u00f1iga, catedr\u00e1tico de la Universidad de Lima (UL), explica que con esta norma se intenta inyectar mayor liquidez y flexibilizar al sector construcci\u00f3n.<\/p>\n<p style=\"text-align: justify;\">Un segundo punto aprobado es el de las inafectaciones al impuesto temporal a los activos netos (ITAN). \u201cSe eliminar\u00e1 un antig\u00fco dispositivo orientado al sector empresarial en el proceso de reducir todo el aparato impositivo\u201d, anota.<\/p>\n<p style=\"text-align: justify;\">Los cambios van tambi\u00e9n por reducir los sobrecostos en la provisi\u00f3n de obras p\u00fablicas de infraestructura y de servicios p\u00fablicos mediante inversi\u00f3n p\u00fablica o privada. Seg\u00fan Z\u00fa\u00f1iga, aqu\u00ed se tratar\u00e1 de flexibilizar el sistema de Asociaciones P\u00fablico Privadas (APP), en l\u00ednea con el nuevo reglamento que apareci\u00f3 este a\u00f1o, para que la ejecuci\u00f3n de obras bajo esta modalidad se vuelva efectiva.<\/p>\n<p style=\"text-align: justify;\">MODIFICAN EL IGV<\/p>\n<p style=\"text-align: justify;\">Uno de las principales novedades que se esperaba traer\u00eda este paquete de reactivaci\u00f3n es la modificaci\u00f3n del Impuesto General a las Ventas (IGV) y del Impuesto Selectivo al Consumo (ISC), y si bien se precisan los conceptos no gravados e importaciones, \u201cno tendr\u00eda un efecto muy grande sobre art\u00edculos de consumo\u201d, opina Z\u00fa\u00f1iga.<\/p>\n<p style=\"text-align: justify;\">Se debe recordar que la modificaci\u00f3n de estos impuestos gener\u00f3 la inmediata reacci\u00f3n de las empresas cerveceras locales quienes se consideraban perjudicadas con la propuesta inicial del Ejecutivo y advirtieron una posible elevaci\u00f3n de precios. No obstante, seg\u00fan concluye el catedr\u00e1tico de la UL, con las modificaciones realizadas en el Legislativo ya no las afectar\u00eda.<\/p>\n<p style=\"text-align: justify;\">Un quinto punto habla sobre la modificaci\u00f3n a la ley marco de comprobantes de pago que obligar\u00eda la emisi\u00f3n de estos instrumentos de la mano con lo digital a trav\u00e9s de comprobantes electr\u00f3nicos. La orientaci\u00f3n de esta modificaci\u00f3n ser\u00eda la de regular el proceso de digitalizaci\u00f3n de los mismos con el fin de regularizar toda la emisi\u00f3n.<\/p>\n<p style=\"text-align: justify;\">Asimismo, se hacen modificaciones al c\u00f3digo tributario que se tratar\u00eda m\u00e1s de un proceso de formalizaci\u00f3n de todas las actividades del c\u00f3digo tributario.<\/p>\n<p style=\"text-align: justify;\">\u201cTodos estos cambios, fuera de las APP y alguna flexibilizaci\u00f3n, son simplemente procesos de regularizaci\u00f3n y por tanto medidas un poco tenues. Van m\u00e1s en el \u00e1mbito de regularizar aspectos tributarios, pero no son dinamizadores de la econom\u00eda propiamente\u201d, concluy\u00f3 el economista.<\/p>\n<p style=\"text-align: justify;\">PROMOCI\u00d3N DE LAS OBRAS POR IMPUESTOS<br \/>\nEl tercer paquete econ\u00f3mico promulgado incorpora tambi\u00e9n medidas para la promoci\u00f3n de la inversi\u00f3n y mejora de la competitividad. Una de ellas ser\u00e1 la ejecuci\u00f3n de obras de proyectos de inversi\u00f3n del gobierno mediante el mecanismo de obras por impuestos a nivel regional y local con participaci\u00f3n del sector privado.<\/p>\n<p style=\"text-align: justify;\">Al economista Armando Mendoza lo que le preocupa de este mecanismo es la transparencia y c\u00f3mo se asegure el uso eficiente de los recursos del Estado.<\/p>\n<p style=\"text-align: justify;\">\u201cHabr\u00eda que ver c\u00f3mo estas obras son realizadas de manera oportuna y eficiente, as\u00ed como qui\u00e9n las valoriza. M\u00e1s a\u00fan cuando se realizan a nivel regional y local donde saltan dudas sobre malos manejos, sobre valorizaciones o elefantes blancos que incluso han pasado por el SNIP\u201d, advirti\u00f3.<\/p>\n<p style=\"text-align: justify;\">EN CIFRAS<\/p>\n<p style=\"text-align: justify;\">3,5% estima el Banco Central de Reserva que crecer\u00eda la econom\u00eda peruana este 2014.<br \/>\n4 paquetes de reactivaci\u00f3n ha propuesto el Ejecutivo.<\/p>\n<p style=\"text-align: justify;\">Fuente: Diario La Rep\u00fablica P\u00e1g.: 13<\/p>\n<p>http:\/\/www.aempresarial.com\/web\/informativo.php?id=27766<\/p>\n<p><a href=\"https:\/\/slcontadores.com\/web\/wp-content\/uploads\/2014\/11\/Sunat-quejas.jpg\"><img loading=\"lazy\" decoding=\"async\" class=\"wp-image-337 aligncenter\" src=\"https:\/\/slcontadores.com\/web\/wp-content\/uploads\/2014\/11\/Sunat-quejas.jpg\" alt=\"Sunat quejas\" width=\"610\" height=\"321\" srcset=\"https:\/\/slcontadores.com\/web\/wp-content\/uploads\/2014\/11\/Sunat-quejas.jpg 760w, https:\/\/slcontadores.com\/web\/wp-content\/uploads\/2014\/11\/Sunat-quejas-300x157.jpg 300w\" sizes=\"auto, (max-width: 610px) 100vw, 610px\" \/><\/a><\/p>\n","protected":false},"excerpt":{"rendered":"<p>Congreso public\u00f3 el tercer paquete de medidas del Ejecutivo que trae ajustes reclamados por el empresariado, como la modificaci\u00f3n en el IGV e ISC y del c\u00f3digo tributario, as\u00ed como promoci\u00f3n de las APP y Obras por Impuestos. El Congreso aprob\u00f3 ayer el tercer paquete de medidas enviadas por el Ejecutivo, con el objetivo de [&hellip;]<\/p>\n","protected":false},"author":4,"featured_media":0,"comment_status":"open","ping_status":"closed","sticky":false,"template":"","format":"standard","meta":{"_et_pb_use_builder":"","_et_pb_old_content":"","_et_gb_content_width":"","_joinchat":[],"footnotes":""},"categories":[1],"tags":[67,66,61,65],"class_list":["post-336","post","type-post","status-publish","format-standard","hentry","category-blog","tag-inafectaciones-al-itan","tag-isc","tag-ley-30264","tag-modifican-igv"],"_links":{"self":[{"href":"https:\/\/slcontadores.com\/web\/wp-json\/wp\/v2\/posts\/336","targetHints":{"allow":["GET"]}}],"collection":[{"href":"https:\/\/slcontadores.com\/web\/wp-json\/wp\/v2\/posts"}],"about":[{"href":"https:\/\/slcontadores.com\/web\/wp-json\/wp\/v2\/types\/post"}],"author":[{"embeddable":true,"href":"https:\/\/slcontadores.com\/web\/wp-json\/wp\/v2\/users\/4"}],"replies":[{"embeddable":true,"href":"https:\/\/slcontadores.com\/web\/wp-json\/wp\/v2\/comments?post=336"}],"version-history":[{"count":1,"href":"https:\/\/slcontadores.com\/web\/wp-json\/wp\/v2\/posts\/336\/revisions"}],"predecessor-version":[{"id":338,"href":"https:\/\/slcontadores.com\/web\/wp-json\/wp\/v2\/posts\/336\/revisions\/338"}],"wp:attachment":[{"href":"https:\/\/slcontadores.com\/web\/wp-json\/wp\/v2\/media?parent=336"}],"wp:term":[{"taxonomy":"category","embeddable":true,"href":"https:\/\/slcontadores.com\/web\/wp-json\/wp\/v2\/categories?post=336"},{"taxonomy":"post_tag","embeddable":true,"href":"https:\/\/slcontadores.com\/web\/wp-json\/wp\/v2\/tags?post=336"}],"curies":[{"name":"wp","href":"https:\/\/api.w.org\/{rel}","templated":true}]}}