{"id":317,"date":"2014-11-22T12:07:33","date_gmt":"2014-11-22T17:07:33","guid":{"rendered":"http:\/\/slcontadores.com\/web\/?p=317"},"modified":"2014-11-22T12:07:33","modified_gmt":"2014-11-22T17:07:33","slug":"confirman-que-pago-del-itan-sera-solo-1-de-uit-el-2013-y-2014","status":"publish","type":"post","link":"https:\/\/slcontadores.com\/web\/confirman-que-pago-del-itan-sera-solo-1-de-uit-el-2013-y-2014\/","title":{"rendered":"Confirman que pago del ITAN ser\u00e1 solo 1% de UIT el 2013 y 2014"},"content":{"rendered":"<p style=\"text-align: justify;\">Personas jur\u00eddicas no afectas al Impuesto a la Renta est\u00e1n inafectas del ITAN desde 2015. Expertos remarcan que no es una norma promotora de inversiones.<br \/>\nEl Gobierno promulg\u00f3 la Ley que dict\u00f3 el Congreso, disponiendo las medidas de car\u00e1cter tributario para promover el r\u00e9gimen econ\u00f3mico, m\u00e1s conocidas como el tercer paquete para reactivar la econom\u00eda, entre ellas la inafectaci\u00f3n del Impuesto Temporal a los Activos Netos (ITAN).<br \/>\nLa norma se\u00f1ala que, por excepci\u00f3n, las entidades inafectas a ese tributo, podr\u00e1n regularizar lo concerniente a este impuesto, de los ejercicios fiscales 2013 y 2014, intereses, moras y multas, mediante una compensaci\u00f3n correspondiente al 1% de 1 UIT (S\/. 38 anuales).<br \/>\nDesde el 2015, ya no est\u00e1n afectos al ITAN quienes no hayan iniciado operaciones productivas o que las inicien desde el 1 de enero del ejercicio al que corresponde el pago.<br \/>\nTambi\u00e9n se excluye a empresas de servicios de saneamiento, y personas jur\u00eddicas no sujetas al Impuesto a la Renta. La norma fue aprobada, sin sufrir observaciones por el Ejecutivo, se\u00f1al\u00f3 Juan Carlos Eguren, miembro de la Comisi\u00f3n de Econom\u00eda del Congreso.<br \/>\nObjeciones<br \/>\nNo obstante, C\u00e9sar Pe\u00f1aranda, directivo de la CCL, objet\u00f3 que se siga manteniendo el ITAN, pese a ser un impuesto antit\u00e9cnico, pues afecta a empresas a\u00fan si est\u00e1n a p\u00e9rdida.<br \/>\nEl tributarista Jorge Pic\u00f3n consider\u00f3 que esta norma referida a dicho impuesto no contribuye a promover inversiones.<br \/>\nEL DATO<br \/>\nLa norma que aprueba cambios al ITAN se\u00f1ala que tampoco est\u00e1n afectas las empresas en proceso de liquidaci\u00f3n o declaradas en insolvencia por el Indecopi al 1 de enero de cada ejercicio.<\/p>\n<p><a href=\"https:\/\/slcontadores.com\/web\/wp-content\/uploads\/2014\/11\/imagen-camara_0_0-1.jpg\"><img loading=\"lazy\" decoding=\"async\" class=\"wp-image-318 aligncenter\" src=\"https:\/\/slcontadores.com\/web\/wp-content\/uploads\/2014\/11\/imagen-camara_0_0-1.jpg\" alt=\"imagen-camara_0_0 (1)\" width=\"578\" height=\"347\" srcset=\"https:\/\/slcontadores.com\/web\/wp-content\/uploads\/2014\/11\/imagen-camara_0_0-1.jpg 640w, https:\/\/slcontadores.com\/web\/wp-content\/uploads\/2014\/11\/imagen-camara_0_0-1-300x180.jpg 300w\" sizes=\"auto, (max-width: 578px) 100vw, 578px\" \/><\/a><\/p>\n<p>&nbsp;<\/p>\n<p>Fuente: Diario Gesti\u00f3n P\u00e1g.: 22<br \/>\nFuente: Actualidad empresarial<br \/>\nhttp:\/\/www.aempresarial.com\/web\/informativo.php?id=27761<\/p>\n","protected":false},"excerpt":{"rendered":"<p>Personas jur\u00eddicas no afectas al Impuesto a la Renta est\u00e1n inafectas del ITAN desde 2015. Expertos remarcan que no es una norma promotora de inversiones. El Gobierno promulg\u00f3 la Ley que dict\u00f3 el Congreso, disponiendo las medidas de car\u00e1cter tributario para promover el r\u00e9gimen econ\u00f3mico, m\u00e1s conocidas como el tercer paquete para reactivar la econom\u00eda, [&hellip;]<\/p>\n","protected":false},"author":4,"featured_media":0,"comment_status":"open","ping_status":"closed","sticky":false,"template":"","format":"standard","meta":{"_et_pb_use_builder":"","_et_pb_old_content":"","_et_gb_content_width":"","_joinchat":[],"footnotes":""},"categories":[1],"tags":[45,47,46,44],"class_list":["post-317","post","type-post","status-publish","format-standard","hentry","category-blog","tag-activos-netos","tag-impuesto-a-la-renta","tag-inafectas-del-itan","tag-itan"],"_links":{"self":[{"href":"https:\/\/slcontadores.com\/web\/wp-json\/wp\/v2\/posts\/317","targetHints":{"allow":["GET"]}}],"collection":[{"href":"https:\/\/slcontadores.com\/web\/wp-json\/wp\/v2\/posts"}],"about":[{"href":"https:\/\/slcontadores.com\/web\/wp-json\/wp\/v2\/types\/post"}],"author":[{"embeddable":true,"href":"https:\/\/slcontadores.com\/web\/wp-json\/wp\/v2\/users\/4"}],"replies":[{"embeddable":true,"href":"https:\/\/slcontadores.com\/web\/wp-json\/wp\/v2\/comments?post=317"}],"version-history":[{"count":1,"href":"https:\/\/slcontadores.com\/web\/wp-json\/wp\/v2\/posts\/317\/revisions"}],"predecessor-version":[{"id":319,"href":"https:\/\/slcontadores.com\/web\/wp-json\/wp\/v2\/posts\/317\/revisions\/319"}],"wp:attachment":[{"href":"https:\/\/slcontadores.com\/web\/wp-json\/wp\/v2\/media?parent=317"}],"wp:term":[{"taxonomy":"category","embeddable":true,"href":"https:\/\/slcontadores.com\/web\/wp-json\/wp\/v2\/categories?post=317"},{"taxonomy":"post_tag","embeddable":true,"href":"https:\/\/slcontadores.com\/web\/wp-json\/wp\/v2\/tags?post=317"}],"curies":[{"name":"wp","href":"https:\/\/api.w.org\/{rel}","templated":true}]}}