{"id":312,"date":"2014-11-15T12:35:58","date_gmt":"2014-11-15T17:35:58","guid":{"rendered":"http:\/\/slcontadores.com\/web\/?p=312"},"modified":"2014-11-15T12:35:58","modified_gmt":"2014-11-15T17:35:58","slug":"rentas-de-segunda-categoria","status":"publish","type":"post","link":"https:\/\/slcontadores.com\/web\/rentas-de-segunda-categoria\/","title":{"rendered":"Rentas de segunda categor\u00eda&#8230;"},"content":{"rendered":"<p style=\"text-align: justify;\">Son rentas de segunda categor\u00eda:<\/p>\n<p>\u00b7 La atribuci\u00f3n de utilidades, rentas o ganancias de capital, no comprendidas en el inciso j) del art\u00edculo 28 de esta ley, provenientes de fondos de inversi\u00f3n, patrimonios, fideicometidos de sociedades titulizadoras, incluyendo las que resultan de la redenci\u00f3n o rescate de valores mobiliarios emitidos en nombre de los citados fondos o patrimonios, y de fideicomisos bancarios.<\/p>\n<p>Fuente: Literal h) del art\u00edculo 24\u00ba del Texto \u00danico Ordenado de la Ley del Impuesto a la Renta (Decreto Supremo N\u00ba 179-2004-EF)<\/p>\n<p>http:\/\/www.aempresarial.com\/web\/informativo.php?id=27650<\/p>\n<p><a href=\"https:\/\/slcontadores.com\/web\/wp-content\/uploads\/2014\/11\/alquileres.jpg\"><img loading=\"lazy\" decoding=\"async\" class=\"size-full wp-image-313 alignleft\" src=\"https:\/\/slcontadores.com\/web\/wp-content\/uploads\/2014\/11\/alquileres.jpg\" alt=\"alquileres\" width=\"432\" height=\"324\" srcset=\"https:\/\/slcontadores.com\/web\/wp-content\/uploads\/2014\/11\/alquileres.jpg 432w, https:\/\/slcontadores.com\/web\/wp-content\/uploads\/2014\/11\/alquileres-300x225.jpg 300w\" sizes=\"auto, (max-width: 432px) 100vw, 432px\" \/><\/a><\/p>\n","protected":false},"excerpt":{"rendered":"<p>Son rentas de segunda categor\u00eda: \u00b7 La atribuci\u00f3n de utilidades, rentas o ganancias de capital, no comprendidas en el inciso j) del art\u00edculo 28 de esta ley, provenientes de fondos de inversi\u00f3n, patrimonios, fideicometidos de sociedades titulizadoras, incluyendo las que resultan de la redenci\u00f3n o rescate de valores mobiliarios emitidos en nombre de los citados [&hellip;]<\/p>\n","protected":false},"author":4,"featured_media":0,"comment_status":"open","ping_status":"closed","sticky":false,"template":"","format":"standard","meta":{"_et_pb_use_builder":"","_et_pb_old_content":"","_et_gb_content_width":"","_joinchat":[],"footnotes":""},"categories":[1],"tags":[42,41,43],"class_list":["post-312","post","type-post","status-publish","format-standard","hentry","category-blog","tag-alquileres","tag-renta-de-segunda-categoria","tag-valores-mobiliarios"],"_links":{"self":[{"href":"https:\/\/slcontadores.com\/web\/wp-json\/wp\/v2\/posts\/312","targetHints":{"allow":["GET"]}}],"collection":[{"href":"https:\/\/slcontadores.com\/web\/wp-json\/wp\/v2\/posts"}],"about":[{"href":"https:\/\/slcontadores.com\/web\/wp-json\/wp\/v2\/types\/post"}],"author":[{"embeddable":true,"href":"https:\/\/slcontadores.com\/web\/wp-json\/wp\/v2\/users\/4"}],"replies":[{"embeddable":true,"href":"https:\/\/slcontadores.com\/web\/wp-json\/wp\/v2\/comments?post=312"}],"version-history":[{"count":1,"href":"https:\/\/slcontadores.com\/web\/wp-json\/wp\/v2\/posts\/312\/revisions"}],"predecessor-version":[{"id":314,"href":"https:\/\/slcontadores.com\/web\/wp-json\/wp\/v2\/posts\/312\/revisions\/314"}],"wp:attachment":[{"href":"https:\/\/slcontadores.com\/web\/wp-json\/wp\/v2\/media?parent=312"}],"wp:term":[{"taxonomy":"category","embeddable":true,"href":"https:\/\/slcontadores.com\/web\/wp-json\/wp\/v2\/categories?post=312"},{"taxonomy":"post_tag","embeddable":true,"href":"https:\/\/slcontadores.com\/web\/wp-json\/wp\/v2\/tags?post=312"}],"curies":[{"name":"wp","href":"https:\/\/api.w.org\/{rel}","templated":true}]}}