{"id":1770,"date":"2018-06-30T10:35:15","date_gmt":"2018-06-30T15:35:15","guid":{"rendered":"http:\/\/slcontadores.com\/web\/?p=1770"},"modified":"2018-06-30T10:35:15","modified_gmt":"2018-06-30T15:35:15","slug":"administradores-deberan-colegiarse","status":"publish","type":"post","link":"https:\/\/slcontadores.com\/web\/administradores-deberan-colegiarse\/","title":{"rendered":"Administradores deber\u00e1n colegiarse"},"content":{"rendered":"<p>Proyecto de ley de Richard Acu\u00f1a fue exonerado ayer de segunda votaci\u00f3n en la Comisi\u00f3n Permanente del Congreso<\/p>\n<p>El Congreso aprob\u00f3 ayer el proyecto de ley que busca regular la carrera profesional de los licenciados en administraci\u00f3n.<\/p>\n<p>La iniciativa, del congresista Richard Acu\u00f1a de Alianza por el Congreso (APP), plantea que la colegiatura para los administradores sea obligatoria, como lo es para los ingenieros, abogados, m\u00e9dicos y contadores.<\/p>\n<p>El reglamento de la mencionada ley deber\u00e1 estar listo en 90 d\u00edas, y contar\u00e1 con la participaci\u00f3n del Colegio de Licenciados en Administraci\u00f3n y los Colegios Regionales de Licenciados en Administraci\u00f3n.<\/p>\n<p>Adem\u00e1s, comprender\u00e1 el dise\u00f1o y ejecuci\u00f3n de los sistemas, procedimientos y m\u00e9todos de trabajo, elaboraci\u00f3n de reglamentos, manuales, organigramas y nomas e instrumentos administrativos, vinculados a la carrera profesional en menci\u00f3n.<\/p>\n<p>Por otro lado, el reglamento de la ley determinar\u00e1 qu\u00e9 otras materias son competencias exclusivas y excluyentes del licenciado en administraci\u00f3n, y de sus diversas ramas o especialidades.<\/p>\n<p><strong>LOS PROS Y LOS CONTRAS<\/strong><br \/>\nDe acuerdo con APP, m\u00e1s de 20 mil licenciados en Administraci\u00f3n se ver\u00e1n beneficiados, pues estos profesionales contar\u00e1n con un marco legal que le brindar\u00e1 el reconocimiento leg\u00edtimo de sus competencias frente a personas que ejercen la profesi\u00f3n sin tener el perfil ni los estudios requeridos.<\/p>\n<p>Si embargo, para el laboralista Javier Dolorier, la medida es una barrera para que profesionales presten servicios al mercado.<\/p>\n<p>\u00abLos est\u00e1n obligando [a asociarse], pero la Constituci\u00f3n es clara al se\u00f1alar que la persona es libre de afiliarse o no. Es una propuesta inconstitucional [&#8230;] Adem\u00e1s, no se trata s\u00f3lo de estar afiliado [al colegio], sino de estar al d\u00eda con los pagos mensuales \u00ab, explica.<\/p>\n<p>En esa misma l\u00ednea, Alejandro Falla, socio del Estudio Bullard, Falla, Ezcurra+, afirma que existen varios ejemplos en los que la figura del colegio genera barreras de entrada para los nuevos profesionales, abusos para los que ya forman parte del mismo, y una mala experiencia para los usuarios con respecto a determinados servicios.<\/p>\n<p>\u00abEsto tambi\u00e9n puede significar barreras para el acceso al ejercicio de la funci\u00f3n p\u00fablica. Me imagino que har\u00e1n convocatorias para puestos donde van a poner como requisito ser colegiado\u00bb, agreg\u00f3 Falla.<\/p>\n<p>Asimismo, el abogado resalt\u00f3 que actualmente algunos colegios profesionales complican los requisitos para la colegiatura de extranjeros. Como ejemplo, cont\u00f3 que el Indecopi sancion\u00f3 al Colegio de Arquitectos por cobrar m\u00e1s de S\/5.000 a los profesionales extranjeros que buscaban obtener una colegiatura.<\/p>\n<p>\u00abEl colegio de Abogados de Cusco cobraba m\u00e1s de US$1.000 [por la colegiatura]. Ellos tambi\u00e9n fueron sancionados por el Indecopi\u00bb, finaliz\u00f3 Falla.<\/p>\n<p><strong>LOS LICENCIADOS<\/strong><br \/>\nDe acuerdo con el proyecto, son licenciados en Administraci\u00f3n los profesionales de diferentes denominaciones, entre ellos, los licenciados en Ciencias Administrativas, Administraci\u00f3n de Empresas, Administraci\u00f3n en Cooperativismo, Administraci\u00f3n de Negocios Internacionales, Comercializaci\u00f3n, Administraci\u00f3n Financiera, Administraci\u00f3n P\u00fablica, entre otros.<\/p>\n<p><strong>EL DATO<\/strong><br \/>\nEn el Pleno del 19 de junio, el proyecto fue aprobado en primera votaci\u00f3n. Ayer, durante la sesi\u00f3n de la Comisi\u00f3n Permanente, fue exonerado de la segunda votaci\u00f3n.<\/p>\n<p>Fuente: El Comercio<\/p>\n","protected":false},"excerpt":{"rendered":"<p>Proyecto de ley de Richard Acu\u00f1a fue exonerado ayer de segunda votaci\u00f3n en la Comisi\u00f3n Permanente del Congreso El Congreso aprob\u00f3 ayer el proyecto de ley que busca regular la carrera profesional de los licenciados en administraci\u00f3n. La iniciativa, del congresista Richard Acu\u00f1a de Alianza por el Congreso (APP), plantea que la colegiatura para los [&hellip;]<\/p>\n","protected":false},"author":4,"featured_media":1771,"comment_status":"open","ping_status":"closed","sticky":false,"template":"","format":"standard","meta":{"_et_pb_use_builder":"","_et_pb_old_content":"","_et_gb_content_width":"","_joinchat":[],"footnotes":""},"categories":[1],"tags":[337,336],"class_list":["post-1770","post","type-post","status-publish","format-standard","has-post-thumbnail","hentry","category-blog","tag-licenciado-en-administracion","tag-profesional-en-administracion"],"_links":{"self":[{"href":"https:\/\/slcontadores.com\/web\/wp-json\/wp\/v2\/posts\/1770","targetHints":{"allow":["GET"]}}],"collection":[{"href":"https:\/\/slcontadores.com\/web\/wp-json\/wp\/v2\/posts"}],"about":[{"href":"https:\/\/slcontadores.com\/web\/wp-json\/wp\/v2\/types\/post"}],"author":[{"embeddable":true,"href":"https:\/\/slcontadores.com\/web\/wp-json\/wp\/v2\/users\/4"}],"replies":[{"embeddable":true,"href":"https:\/\/slcontadores.com\/web\/wp-json\/wp\/v2\/comments?post=1770"}],"version-history":[{"count":1,"href":"https:\/\/slcontadores.com\/web\/wp-json\/wp\/v2\/posts\/1770\/revisions"}],"predecessor-version":[{"id":1772,"href":"https:\/\/slcontadores.com\/web\/wp-json\/wp\/v2\/posts\/1770\/revisions\/1772"}],"wp:featuredmedia":[{"embeddable":true,"href":"https:\/\/slcontadores.com\/web\/wp-json\/wp\/v2\/media\/1771"}],"wp:attachment":[{"href":"https:\/\/slcontadores.com\/web\/wp-json\/wp\/v2\/media?parent=1770"}],"wp:term":[{"taxonomy":"category","embeddable":true,"href":"https:\/\/slcontadores.com\/web\/wp-json\/wp\/v2\/categories?post=1770"},{"taxonomy":"post_tag","embeddable":true,"href":"https:\/\/slcontadores.com\/web\/wp-json\/wp\/v2\/tags?post=1770"}],"curies":[{"name":"wp","href":"https:\/\/api.w.org\/{rel}","templated":true}]}}