{"id":1762,"date":"2018-06-14T22:47:58","date_gmt":"2018-06-15T03:47:58","guid":{"rendered":"http:\/\/slcontadores.com\/web\/?p=1762"},"modified":"2018-06-14T22:47:58","modified_gmt":"2018-06-15T03:47:58","slug":"comision-de-economia-aprueba-extender-la-jubilacion-anticipada-hasta-el-2021","status":"publish","type":"post","link":"https:\/\/slcontadores.com\/web\/comision-de-economia-aprueba-extender-la-jubilacion-anticipada-hasta-el-2021\/","title":{"rendered":"Comisi\u00f3n de Econom\u00eda aprueba extender la jubilaci\u00f3n anticipada hasta el 2021"},"content":{"rendered":"<p>Por mayor\u00eda, la Comisi\u00f3n de Econom\u00eda del Congreso el dictamen reca\u00eddo en los proyectos de ley que plantean prorrogar el R\u00e9gimen Especial de Jubilaci\u00f3n Anticipada (REJA) para desempleados hasta el 31 de diciembre del 2021.<\/p>\n<p>Durante el debate, el congresista de Fuerza Popular, Percy Alcal\u00e1, realiz\u00f3 una observaci\u00f3n vinculada a que el dictamen planteaba que el REJA se extienda hasta el 2020.<\/p>\n<p>\u201cEn la disposici\u00f3n complementaria final se ha puesto como art\u00edculo \u00fanico que se ampl\u00eda el REJA hasta el 31 de diciembre del 2020 pro sugiero que sea hasta el 2021 para que esto no se vaya a utilizar luego este proyecto como una propuesta electoral\u201d, indic\u00f3.<\/p>\n<p>Record\u00f3 que en el abril del 2021 se realizar\u00e1n las elecciones generales en Per\u00fa, por lo que la vigencia del REJA deber\u00eda terminar luego de esas elecciones.<\/p>\n<p>Por su parte, el congresista aprista Jorge del Castillo, mencion\u00f3 que se opon\u00eda a la edad establecida para acogerse al REJA, ya que a los 50 (para mujeres) y 55 (para varones) a\u00f1os una persona goza de una salud vital.<\/p>\n<p>\u201cHay que evaluar un poco m\u00e1s eso porque hay personas mayores que est\u00e1n trabajando sin problemas \u00bfpor qu\u00e9 tenemos que mandar a jubilaci\u00f3n a personas de esta edad?\u201d, agreg\u00f3.<\/p>\n<p>Indic\u00f3 que esta ley abre una \u2018ventana\u2019 para que las personas que est\u00e1n en condiciones de trabajar puedan optar por la jubilaci\u00f3n.<\/p>\n<p>Luego de estas dos intervenciones, el presidente de la Comisi\u00f3n de Econom\u00eda, Guido Lombardi, procedi\u00f3 a la votaci\u00f3n y se tuvo los votos a favor de Guillermo Martorell, Dalmiro Palomino, Rolando Reategui, Miguel \u00c1ngel Torres, Karla Schaefer y Percy Alcal\u00e1, todos de Fuerza Popular.<\/p>\n<p>Jorge del Castillo (Apra) y Jorge Castro (Frente Amplio) se abstuvieron.<\/p>\n<p>De esta manera, este dictamen podr\u00e1 ser sometido a consideraci\u00f3n del Pleno del Congreso.<\/p>\n<p>Fuente: Diario Gesti\u00f3n<\/p>\n","protected":false},"excerpt":{"rendered":"<p>Por mayor\u00eda, la Comisi\u00f3n de Econom\u00eda del Congreso el dictamen reca\u00eddo en los proyectos de ley que plantean prorrogar el R\u00e9gimen Especial de Jubilaci\u00f3n Anticipada (REJA) para desempleados hasta el 31 de diciembre del 2021. Durante el debate, el congresista de Fuerza Popular, Percy Alcal\u00e1, realiz\u00f3 una observaci\u00f3n vinculada a que el dictamen planteaba que [&hellip;]<\/p>\n","protected":false},"author":4,"featured_media":1763,"comment_status":"open","ping_status":"closed","sticky":false,"template":"","format":"standard","meta":{"_et_pb_use_builder":"","_et_pb_old_content":"","_et_gb_content_width":"","_joinchat":[],"footnotes":""},"categories":[1],"tags":[333],"class_list":["post-1762","post","type-post","status-publish","format-standard","has-post-thumbnail","hentry","category-blog","tag-regimen-especial-de-jubilacion-anticipada"],"_links":{"self":[{"href":"https:\/\/slcontadores.com\/web\/wp-json\/wp\/v2\/posts\/1762","targetHints":{"allow":["GET"]}}],"collection":[{"href":"https:\/\/slcontadores.com\/web\/wp-json\/wp\/v2\/posts"}],"about":[{"href":"https:\/\/slcontadores.com\/web\/wp-json\/wp\/v2\/types\/post"}],"author":[{"embeddable":true,"href":"https:\/\/slcontadores.com\/web\/wp-json\/wp\/v2\/users\/4"}],"replies":[{"embeddable":true,"href":"https:\/\/slcontadores.com\/web\/wp-json\/wp\/v2\/comments?post=1762"}],"version-history":[{"count":1,"href":"https:\/\/slcontadores.com\/web\/wp-json\/wp\/v2\/posts\/1762\/revisions"}],"predecessor-version":[{"id":1764,"href":"https:\/\/slcontadores.com\/web\/wp-json\/wp\/v2\/posts\/1762\/revisions\/1764"}],"wp:featuredmedia":[{"embeddable":true,"href":"https:\/\/slcontadores.com\/web\/wp-json\/wp\/v2\/media\/1763"}],"wp:attachment":[{"href":"https:\/\/slcontadores.com\/web\/wp-json\/wp\/v2\/media?parent=1762"}],"wp:term":[{"taxonomy":"category","embeddable":true,"href":"https:\/\/slcontadores.com\/web\/wp-json\/wp\/v2\/categories?post=1762"},{"taxonomy":"post_tag","embeddable":true,"href":"https:\/\/slcontadores.com\/web\/wp-json\/wp\/v2\/tags?post=1762"}],"curies":[{"name":"wp","href":"https:\/\/api.w.org\/{rel}","templated":true}]}}