{"id":1475,"date":"2017-09-04T18:45:26","date_gmt":"2017-09-04T23:45:26","guid":{"rendered":"http:\/\/slcontadores.com\/web\/?p=1475"},"modified":"2017-09-04T18:45:26","modified_gmt":"2017-09-04T23:45:26","slug":"contratos-a-plazo-fijo-empresas-deben-avisar-con-anticipacion-a-sus-trabajadores-que-no-se-les-renovara","status":"publish","type":"post","link":"https:\/\/slcontadores.com\/web\/contratos-a-plazo-fijo-empresas-deben-avisar-con-anticipacion-a-sus-trabajadores-que-no-se-les-renovara\/","title":{"rendered":"Contratos a plazo fijo: \u00bfEmpresas deben avisar con anticipaci\u00f3n a sus trabajadores que no se les renovar\u00e1?"},"content":{"rendered":"<p>El MTPE precisa que se entiende por contrato a plazo fijo aquellos que se dan por un periodo determinado y que se celebran en raz\u00f3n de las necesidades del mercado.<\/p>\n<p>En la mayor\u00eda de empresas cuando un trabajador cumple cinco a\u00f1os ininterrumpidos de labor pasa a tener un contrato indeterminado. Hasta que no acumule este periodo mantiene un contrato a plazo fijo, que puede renovarse trimestral, semestral o anualmente. Pero, \u00bfqu\u00e9 pasa cuando el empleador ya no quiere renovarle el contrato?.<\/p>\n<p>\u00bfPuede usted reclamar o presentar una queja? Abel El\u00edas, especialista de la Direcci\u00f3n de Capacitaci\u00f3n y Difusi\u00f3n Laboral de el Ministerio de Trabajo y Promoci\u00f3n del Empleo (MTPE) explic\u00f3 que los contratos a plazo fijo no tienen una fecha de &#8216;pre aviso&#8217; para la no renovaci\u00f3n.<\/p>\n<p>\u00abSe entiende que al momento que el trabajador firm\u00f3 el contrato con el trabajador ya sab\u00eda hasta cu\u00e1ndo duraba. Entonces ah\u00ed no hay una hostilidad laboral y tampoco habr\u00eda una infracci\u00f3n porque ya hab\u00eda un acuerdo de hasta cu\u00e1ndo habr\u00eda este contrato\u00bb, precis\u00f3.<\/p>\n<p>\u00abPodr\u00edan no avisarte porque se entiende que cuando tu firmaste el contrato con el empleador sab\u00edas la fecha de hasta cu\u00e1ndo iba a durar\u00bb, insisti\u00f3 El\u00edas.<\/p>\n<p>No obstante, mencion\u00f3 que lo recomendable ser\u00eda que el empleador que no habr\u00e1 renovaci\u00f3n para que el trabajador deje en orden todas las actividades que est\u00e1 haciendo en la empresa. \u00abSin embargo, si no lo hace no est\u00e1 en infracci\u00f3n. Como trabajador, lo que podr\u00eda hacer es que eval\u00fae por qu\u00e9 contrat\u00f3 temporalmente, a lo mejor no deb\u00eda hacerlo y eso s\u00ed se podr\u00eda denunciar, la desnaturalizaci\u00f3n del contrato\u00bb, detall\u00f3.<\/p>\n<p>Cabe precisar que se entiende por contrato a plazo fijo aquellos que se dan por un periodo determinado y que se celebran en raz\u00f3n de las necesidades del mercado o a la mayor producci\u00f3n de la empresa, as\u00ed como cuando lo exija la naturaleza temporal o accidental del servicio que se va prestar o de la obra que se ha de ejecutar.<\/p>\n<p>Fuente: Diario Gestion<\/p>\n<p>&nbsp;<\/p>\n","protected":false},"excerpt":{"rendered":"<p>El MTPE precisa que se entiende por contrato a plazo fijo aquellos que se dan por un periodo determinado y que se celebran en raz\u00f3n de las necesidades del mercado. En la mayor\u00eda de empresas cuando un trabajador cumple cinco a\u00f1os ininterrumpidos de labor pasa a tener un contrato indeterminado. Hasta que no acumule este [&hellip;]<\/p>\n","protected":false},"author":4,"featured_media":1476,"comment_status":"open","ping_status":"closed","sticky":false,"template":"","format":"standard","meta":{"_et_pb_use_builder":"","_et_pb_old_content":"","_et_gb_content_width":"","_joinchat":[],"footnotes":""},"categories":[1],"tags":[241,177],"class_list":["post-1475","post","type-post","status-publish","format-standard","has-post-thumbnail","hentry","category-blog","tag-contratos-a-plazo-fijo","tag-mtpe"],"_links":{"self":[{"href":"https:\/\/slcontadores.com\/web\/wp-json\/wp\/v2\/posts\/1475","targetHints":{"allow":["GET"]}}],"collection":[{"href":"https:\/\/slcontadores.com\/web\/wp-json\/wp\/v2\/posts"}],"about":[{"href":"https:\/\/slcontadores.com\/web\/wp-json\/wp\/v2\/types\/post"}],"author":[{"embeddable":true,"href":"https:\/\/slcontadores.com\/web\/wp-json\/wp\/v2\/users\/4"}],"replies":[{"embeddable":true,"href":"https:\/\/slcontadores.com\/web\/wp-json\/wp\/v2\/comments?post=1475"}],"version-history":[{"count":1,"href":"https:\/\/slcontadores.com\/web\/wp-json\/wp\/v2\/posts\/1475\/revisions"}],"predecessor-version":[{"id":1477,"href":"https:\/\/slcontadores.com\/web\/wp-json\/wp\/v2\/posts\/1475\/revisions\/1477"}],"wp:featuredmedia":[{"embeddable":true,"href":"https:\/\/slcontadores.com\/web\/wp-json\/wp\/v2\/media\/1476"}],"wp:attachment":[{"href":"https:\/\/slcontadores.com\/web\/wp-json\/wp\/v2\/media?parent=1475"}],"wp:term":[{"taxonomy":"category","embeddable":true,"href":"https:\/\/slcontadores.com\/web\/wp-json\/wp\/v2\/categories?post=1475"},{"taxonomy":"post_tag","embeddable":true,"href":"https:\/\/slcontadores.com\/web\/wp-json\/wp\/v2\/tags?post=1475"}],"curies":[{"name":"wp","href":"https:\/\/api.w.org\/{rel}","templated":true}]}}