{"id":1426,"date":"2017-06-21T17:45:32","date_gmt":"2017-06-21T22:45:32","guid":{"rendered":"http:\/\/slcontadores.com\/web\/?p=1426"},"modified":"2017-06-21T17:45:32","modified_gmt":"2017-06-21T22:45:32","slug":"los-feriados-no-laborables","status":"publish","type":"post","link":"https:\/\/slcontadores.com\/web\/los-feriados-no-laborables\/","title":{"rendered":"Los feriados no laborables"},"content":{"rendered":"<p>Como se recordar\u00e1, el pasado el 6 de enero se public\u00f3 en el Diario Oficial El Peruano el Decreto Supremo N\u00ba 001-2017-PCM, con el cual el Gobierno declar\u00f3 los d\u00edas no laborables para trabajadores del sector p\u00fablico durante los a\u00f1os 2017 y 2018.<\/p>\n<p>Los d\u00edas no laborables en el sector p\u00fablico, a escala nacional, ser\u00e1n los siguientes:<\/p>\n<p>* Viernes 30 de junio del 2017 (el jueves 29 de junio es feriado nacional).<br \/>\n* Jueves 27 de julio del 2017 (el 28 y 29 de julio son feriados nacionales).<br \/>\n* Martes 2 de enero del 2018 (el 1 de enero del 2018 es feriado nacional).<\/p>\n<p>Seg\u00fan la norma de la Presidencia del Consejo de Ministros (PCM), los d\u00edas no laborables se han decretado con la finalidad de promover el turismo interno por parte de los trabajadores p\u00fablicos y privados.<\/p>\n<p>Las horas dejadas de laborar en el sector p\u00fablico ser\u00e1n compensadas en la semana posterior a la del d\u00eda no laborable, o en la oportunidad que lo establezca el titular de la entidad p\u00fablica.<\/p>\n<p>El decreto supremo de la PCM dispone que, sin perjuicio de lo se\u00f1alado anteriormente, los titulares de las entidades p\u00fablicas adoptar\u00e1n las medidas necesarias para garantizar la provisi\u00f3n de los servicios indispensables durante los d\u00edas no laborables. Adem\u00e1s, se precisa que para fines tributarios los tres d\u00edas no laborables se considerar\u00e1n d\u00edas h\u00e1biles.<\/p>\n<p>El decreto supremo en comentario dispone que los centros de trabajo del sector privado se podr\u00e1n acoger a lo dispuesto en el Decreto Supremo N\u00ba 001-2017-PCM, previo acuerdo entre el empleador y sus trabajadores, los que deben establecer la forma c\u00f3mo se har\u00e1 efectiva la compensaci\u00f3n de las horas dejadas de laborar; a falta de acuerdo, el empleador decidir\u00e1 la forma de recuperar las horas no laboradas.<\/p>\n<p>Fuente: El Peruano<\/p>\n<p>&nbsp;<\/p>\n","protected":false},"excerpt":{"rendered":"<p>Como se recordar\u00e1, el pasado el 6 de enero se public\u00f3 en el Diario Oficial El Peruano el Decreto Supremo N\u00ba 001-2017-PCM, con el cual el Gobierno declar\u00f3 los d\u00edas no laborables para trabajadores del sector p\u00fablico durante los a\u00f1os 2017 y 2018. Los d\u00edas no laborables en el sector p\u00fablico, a escala nacional, ser\u00e1n [&hellip;]<\/p>\n","protected":false},"author":4,"featured_media":1427,"comment_status":"open","ping_status":"closed","sticky":false,"template":"","format":"standard","meta":{"_et_pb_use_builder":"","_et_pb_old_content":"","_et_gb_content_width":"","_joinchat":[],"footnotes":""},"categories":[1],"tags":[218,219],"class_list":["post-1426","post","type-post","status-publish","format-standard","has-post-thumbnail","hentry","category-blog","tag-feriados","tag-feriados-no-laborables"],"_links":{"self":[{"href":"https:\/\/slcontadores.com\/web\/wp-json\/wp\/v2\/posts\/1426","targetHints":{"allow":["GET"]}}],"collection":[{"href":"https:\/\/slcontadores.com\/web\/wp-json\/wp\/v2\/posts"}],"about":[{"href":"https:\/\/slcontadores.com\/web\/wp-json\/wp\/v2\/types\/post"}],"author":[{"embeddable":true,"href":"https:\/\/slcontadores.com\/web\/wp-json\/wp\/v2\/users\/4"}],"replies":[{"embeddable":true,"href":"https:\/\/slcontadores.com\/web\/wp-json\/wp\/v2\/comments?post=1426"}],"version-history":[{"count":1,"href":"https:\/\/slcontadores.com\/web\/wp-json\/wp\/v2\/posts\/1426\/revisions"}],"predecessor-version":[{"id":1428,"href":"https:\/\/slcontadores.com\/web\/wp-json\/wp\/v2\/posts\/1426\/revisions\/1428"}],"wp:featuredmedia":[{"embeddable":true,"href":"https:\/\/slcontadores.com\/web\/wp-json\/wp\/v2\/media\/1427"}],"wp:attachment":[{"href":"https:\/\/slcontadores.com\/web\/wp-json\/wp\/v2\/media?parent=1426"}],"wp:term":[{"taxonomy":"category","embeddable":true,"href":"https:\/\/slcontadores.com\/web\/wp-json\/wp\/v2\/categories?post=1426"},{"taxonomy":"post_tag","embeddable":true,"href":"https:\/\/slcontadores.com\/web\/wp-json\/wp\/v2\/tags?post=1426"}],"curies":[{"name":"wp","href":"https:\/\/api.w.org\/{rel}","templated":true}]}}