{"id":1399,"date":"2017-05-25T10:15:25","date_gmt":"2017-05-25T15:15:25","guid":{"rendered":"http:\/\/slcontadores.com\/web\/?p=1399"},"modified":"2017-05-25T10:15:25","modified_gmt":"2017-05-25T15:15:25","slug":"gobierno-publicara-en-proximos-dias-nueva-escala-que-racionaliza-multas-laborales","status":"publish","type":"post","link":"https:\/\/slcontadores.com\/web\/gobierno-publicara-en-proximos-dias-nueva-escala-que-racionaliza-multas-laborales\/","title":{"rendered":"Gobierno publicar\u00e1 en pr\u00f3ximos d\u00edas nueva escala que racionaliza multas laborales"},"content":{"rendered":"<p>El ministro de Trabajo y Promoci\u00f3n del Empleo, Alfonso Grados, inform\u00f3 hoy que en los pr\u00f3ximos d\u00edas se publicar\u00e1 la nueva escala que racionaliza las multas a las empresas en el marco de las inspecciones laborales que se realizan.<\/p>\n<p>Grados destac\u00f3 la labor realizada por el Consejo Nacional del Trabajo sobre las inspecciones laborales y las multas a las empresas, pues durante varios meses hubo un di\u00e1logo pleno de los involucrados, como las centrales sindicales y los gremios empleadores.<\/p>\n<p>\u00abSe trabaj\u00f3 sobre la revisi\u00f3n de escalas de multas para la inspecci\u00f3n laboral y estamos racionalizando dichas escalas, sobre todo buscando que no sean excesivamente onerosas para la micro y peque\u00f1a empresa, as\u00ed como para los empleadores de trabajadoras del hogar\u00bb, indic\u00f3.<\/p>\n<p>Reducir\u00e1n multas laborales a mypes y familias con trabajadoras del hogar<br \/>\nEl ministro explic\u00f3 que actualmente, por deficiencias en la normativa, ocurre que ante un incumplimiento laboral se coloca una multa a la escala de la gran empresa, lo cual la hace pr\u00e1cticamente impagable.<\/p>\n<p>\u00abEso estaba obligando a que estos n\u00facleos empleadores terminen en la informalidad, por lo cual esas normativas (con nuevas escalas) las estamos publicando en los pr\u00f3ximos d\u00edas\u00bb, agreg\u00f3.<\/p>\n<p>Fuente; Andina.pe<\/p>\n","protected":false},"excerpt":{"rendered":"<p>El ministro de Trabajo y Promoci\u00f3n del Empleo, Alfonso Grados, inform\u00f3 hoy que en los pr\u00f3ximos d\u00edas se publicar\u00e1 la nueva escala que racionaliza las multas a las empresas en el marco de las inspecciones laborales que se realizan. Grados destac\u00f3 la labor realizada por el Consejo Nacional del Trabajo sobre las inspecciones laborales y [&hellip;]<\/p>\n","protected":false},"author":4,"featured_media":1400,"comment_status":"open","ping_status":"closed","sticky":false,"template":"","format":"standard","meta":{"_et_pb_use_builder":"","_et_pb_old_content":"","_et_gb_content_width":"","_joinchat":[],"footnotes":""},"categories":[1],"tags":[207,206],"class_list":["post-1399","post","type-post","status-publish","format-standard","has-post-thumbnail","hentry","category-blog","tag-ministerio-de-trabajo-y-promocion-del-empleo","tag-multas-laborales"],"_links":{"self":[{"href":"https:\/\/slcontadores.com\/web\/wp-json\/wp\/v2\/posts\/1399","targetHints":{"allow":["GET"]}}],"collection":[{"href":"https:\/\/slcontadores.com\/web\/wp-json\/wp\/v2\/posts"}],"about":[{"href":"https:\/\/slcontadores.com\/web\/wp-json\/wp\/v2\/types\/post"}],"author":[{"embeddable":true,"href":"https:\/\/slcontadores.com\/web\/wp-json\/wp\/v2\/users\/4"}],"replies":[{"embeddable":true,"href":"https:\/\/slcontadores.com\/web\/wp-json\/wp\/v2\/comments?post=1399"}],"version-history":[{"count":1,"href":"https:\/\/slcontadores.com\/web\/wp-json\/wp\/v2\/posts\/1399\/revisions"}],"predecessor-version":[{"id":1401,"href":"https:\/\/slcontadores.com\/web\/wp-json\/wp\/v2\/posts\/1399\/revisions\/1401"}],"wp:featuredmedia":[{"embeddable":true,"href":"https:\/\/slcontadores.com\/web\/wp-json\/wp\/v2\/media\/1400"}],"wp:attachment":[{"href":"https:\/\/slcontadores.com\/web\/wp-json\/wp\/v2\/media?parent=1399"}],"wp:term":[{"taxonomy":"category","embeddable":true,"href":"https:\/\/slcontadores.com\/web\/wp-json\/wp\/v2\/categories?post=1399"},{"taxonomy":"post_tag","embeddable":true,"href":"https:\/\/slcontadores.com\/web\/wp-json\/wp\/v2\/tags?post=1399"}],"curies":[{"name":"wp","href":"https:\/\/api.w.org\/{rel}","templated":true}]}}