{"id":1334,"date":"2017-03-27T22:14:56","date_gmt":"2017-03-28T03:14:56","guid":{"rendered":"http:\/\/slcontadores.com\/web\/?p=1334"},"modified":"2017-03-27T22:14:56","modified_gmt":"2017-03-28T03:14:56","slug":"empresas-tendran-prorroga-de-30-dias-para-presentar-estados-financieros-a-smv","status":"publish","type":"post","link":"https:\/\/slcontadores.com\/web\/empresas-tendran-prorroga-de-30-dias-para-presentar-estados-financieros-a-smv\/","title":{"rendered":"Empresas tendr\u00e1n pr\u00f3rroga de 30 d\u00edas para presentar estados financieros a SMV"},"content":{"rendered":"<p>Las empresas cuyas \u00e1reas principales de producci\u00f3n u operaci\u00f3n se encuentren en la zonas declaradas en emergencia tendr\u00e1n una pr\u00f3rroga de 30 d\u00edas para presentar sus estados financieros a la Superintendencia del Mercado de Valores.<\/p>\n<p>A trav\u00e9s de la Resoluci\u00f3n SMV N\u00ba 014-2017-SMV\/01 se aprobaron medidas de car\u00e1cter excepcionales para la presentaci\u00f3n de informaci\u00f3n a la SMV por raz\u00f3n del Estado de Emergencia decretado en determinadas zonas del pa\u00eds.<\/p>\n<p>As\u00ed, se dispone, por excepci\u00f3n y de modo extraordinario, una pr\u00f3rroga de 30 d\u00edas calendario a los plazos l\u00edmites de aprobaci\u00f3n y presentaci\u00f3n de la siguiente informaci\u00f3n:<\/p>\n<p>a. Informaci\u00f3n financiera individual auditada anual correspondiente al ejercicio 2016<br \/>\nb. Memoria anual correspondiente al ejercicio 2016<br \/>\nc. Informaci\u00f3n financiera consolidada auditada anual correspondiente al ejercicio 2016<br \/>\nd. Informaci\u00f3n financiera intermedia individual o separada correspondiente al 31 de marzo de 2017<br \/>\ne. Informaci\u00f3n financiera intermedia consolidada correspondiente al 31 de marzo de 2017<br \/>\nf. El primer reporte de informaci\u00f3n sobre grupo econ\u00f3mico preparado de conformidad con el Reglamento de Propiedad Indirecta, Vinculaci\u00f3n y Grupos Econ\u00f3micos, aprobado por Resoluci\u00f3n SMV N\u00b0 019-2015-SMV\/01.<\/p>\n<p><strong>Informes de clasificaci\u00f3n de riesgo<\/strong><br \/>\nAsimismo, se prorroga por 30 d\u00edas calendario el plazo l\u00edmite para la presentaci\u00f3n de los informes de clasificaci\u00f3n de riesgo correspondientes a la informaci\u00f3n financiera anual auditada del ejercicio 2016 de las empresas que se acojan a la presente resoluci\u00f3n.<\/p>\n<p><strong>Procedimiento para acogerse a excepci\u00f3n<\/strong><br \/>\nLas empresas que se acojan a las medidas a las que se refiere la presente resoluci\u00f3n deber\u00e1n remitir, hasta el d\u00eda del vencimiento de la obligaci\u00f3n que corresponda, una comunicaci\u00f3n en calidad de hecho de importancia manifestando su decisi\u00f3n.<\/p>\n<p>Deber\u00e1n precisar la zona en la que se encuentra su sede o \u00e1reas principales de producci\u00f3n u operaci\u00f3n, as\u00ed como el Decreto Supremo que declara el Estado de Emergencia.<\/p>\n<p>La Superintendencia del Mercado de Valores (SMV) afirma que las empresas obligadas a la presentaci\u00f3n de la informaci\u00f3n contemplada domicilian, principalmente, o realizan sus principales operaciones en distintas zonas geogr\u00e1ficas del territorio nacional.<\/p>\n<p>Fuente: Andina.pe<\/p>\n","protected":false},"excerpt":{"rendered":"<p>Las empresas cuyas \u00e1reas principales de producci\u00f3n u operaci\u00f3n se encuentren en la zonas declaradas en emergencia tendr\u00e1n una pr\u00f3rroga de 30 d\u00edas para presentar sus estados financieros a la Superintendencia del Mercado de Valores. A trav\u00e9s de la Resoluci\u00f3n SMV N\u00ba 014-2017-SMV\/01 se aprobaron medidas de car\u00e1cter excepcionales para la presentaci\u00f3n de informaci\u00f3n a [&hellip;]<\/p>\n","protected":false},"author":4,"featured_media":1335,"comment_status":"open","ping_status":"closed","sticky":false,"template":"","format":"standard","meta":{"_et_pb_use_builder":"","_et_pb_old_content":"","_et_gb_content_width":"","_joinchat":[],"footnotes":""},"categories":[1],"tags":[178],"class_list":["post-1334","post","type-post","status-publish","format-standard","has-post-thumbnail","hentry","category-blog","tag-superintendencia-del-mercado-de-valores"],"_links":{"self":[{"href":"https:\/\/slcontadores.com\/web\/wp-json\/wp\/v2\/posts\/1334","targetHints":{"allow":["GET"]}}],"collection":[{"href":"https:\/\/slcontadores.com\/web\/wp-json\/wp\/v2\/posts"}],"about":[{"href":"https:\/\/slcontadores.com\/web\/wp-json\/wp\/v2\/types\/post"}],"author":[{"embeddable":true,"href":"https:\/\/slcontadores.com\/web\/wp-json\/wp\/v2\/users\/4"}],"replies":[{"embeddable":true,"href":"https:\/\/slcontadores.com\/web\/wp-json\/wp\/v2\/comments?post=1334"}],"version-history":[{"count":1,"href":"https:\/\/slcontadores.com\/web\/wp-json\/wp\/v2\/posts\/1334\/revisions"}],"predecessor-version":[{"id":1336,"href":"https:\/\/slcontadores.com\/web\/wp-json\/wp\/v2\/posts\/1334\/revisions\/1336"}],"wp:featuredmedia":[{"embeddable":true,"href":"https:\/\/slcontadores.com\/web\/wp-json\/wp\/v2\/media\/1335"}],"wp:attachment":[{"href":"https:\/\/slcontadores.com\/web\/wp-json\/wp\/v2\/media?parent=1334"}],"wp:term":[{"taxonomy":"category","embeddable":true,"href":"https:\/\/slcontadores.com\/web\/wp-json\/wp\/v2\/categories?post=1334"},{"taxonomy":"post_tag","embeddable":true,"href":"https:\/\/slcontadores.com\/web\/wp-json\/wp\/v2\/tags?post=1334"}],"curies":[{"name":"wp","href":"https:\/\/api.w.org\/{rel}","templated":true}]}}